{"id":10041,"date":"2017-04-06T12:00:15","date_gmt":"2017-04-06T10:00:15","guid":{"rendered":"http:\/\/santpedor.net\/radio\/?p=10041"},"modified":"2017-04-06T12:00:15","modified_gmt":"2017-04-06T10:00:15","slug":"latur-sestanca-i-creix-lleugerament-a-santpedor-al-2017","status":"publish","type":"post","link":"https:\/\/santpedor.net\/radio\/latur-sestanca-i-creix-lleugerament-a-santpedor-al-2017\/","title":{"rendered":"L&#8217;atur s&#8217;estanca i creix lleugerament a Santpedor al 2017"},"content":{"rendered":"<p>Santpedor ha tancat el <strong>primer trimestre de l&#8217;any amb 324 aturats<\/strong>, una xifra que suposa un augment del 5,9% respecte les \u00faltimes dades del 2016, corresponents al mes de desembre. Aquest augment petit per\u00f2 continuat contrasta amb la tend\u00e8ncia a la davallada que la desocupaci\u00f3 va seguir al llarg de l&#8217;any passat. Amb tot si comparem aquesta xifra amb les dades del mar\u00e7 de 2016, ens trobem que<strong> l&#8217;atur ha caigut un 5,8% en un any<\/strong>.<\/p>\n<p>En aquests mateixos tres mesos, l&#8217;atur ha retrocedit al Bages en un 0,9% (a dia d&#8217;avui s\u00f3n 10.370 desocupats a la comarca). S\u00f3n dades que ha fet p\u00fabliques l&#8217;Observatori del Treball i el Model Productiu de la Generalitat de Catalunya i que indiquen tamb\u00e9, que a <strong>Catalunya a dia d&#8217;avui hi ha 446.017 aturats, un 1,6% menys que al mes anterior<\/strong>. Una tend\u00e8ncia decreixent que es repeteix tamb\u00e9 al conjunt de l&#8217;estat espanyol, que compta amb <strong>3.702.317 aturats registrats al mes de mar\u00e7, un 10% menys que l&#8217;any passat<\/strong> per les mateixes dates.<\/p>\n","protected":false},"excerpt":{"rendered":"<p>Santpedor ha tancat el primer trimestre de l&#8217;any amb 324 aturats, una xifra que suposa un augment del 5,9% respecte les \u00faltimes dades del 2016, corresponents al mes de desembre. Aquest augment petit per\u00f2 continuat contrasta amb la tend\u00e8ncia a la davallada que la desocupaci\u00f3 va seguir al llarg de l&#8217;any passat. Amb tot si [&hellip;]<\/p>\n","protected":false},"author":6,"featured_media":10042,"comment_status":"open","ping_status":"closed","sticky":false,"template":"","format":"standard","meta":{"footnotes":""},"categories":[3,136],"tags":[45,184,465,650,832,113],"class_list":{"0":"post-10041","1":"post","2":"type-post","3":"status-publish","4":"format-standard","5":"has-post-thumbnail","7":"category-noticies","8":"category-politica-i-economia","9":"tag-atur","10":"tag-catalunya","11":"tag-desocupacio","12":"tag-generalitat-de-catalunya","13":"tag-ocupacio","14":"tag-santpedor"},"_links":{"self":[{"href":"https:\/\/santpedor.net\/radio\/wp-json\/wp\/v2\/posts\/10041","targetHints":{"allow":["GET"]}}],"collection":[{"href":"https:\/\/santpedor.net\/radio\/wp-json\/wp\/v2\/posts"}],"about":[{"href":"https:\/\/santpedor.net\/radio\/wp-json\/wp\/v2\/types\/post"}],"author":[{"embeddable":true,"href":"https:\/\/santpedor.net\/radio\/wp-json\/wp\/v2\/users\/6"}],"replies":[{"embeddable":true,"href":"https:\/\/santpedor.net\/radio\/wp-json\/wp\/v2\/comments?post=10041"}],"version-history":[{"count":0,"href":"https:\/\/santpedor.net\/radio\/wp-json\/wp\/v2\/posts\/10041\/revisions"}],"wp:featuredmedia":[{"embeddable":true,"href":"https:\/\/santpedor.net\/radio\/wp-json\/wp\/v2\/media\/10042"}],"wp:attachment":[{"href":"https:\/\/santpedor.net\/radio\/wp-json\/wp\/v2\/media?parent=10041"}],"wp:term":[{"taxonomy":"category","embeddable":true,"href":"https:\/\/santpedor.net\/radio\/wp-json\/wp\/v2\/categories?post=10041"},{"taxonomy":"post_tag","embeddable":true,"href":"https:\/\/santpedor.net\/radio\/wp-json\/wp\/v2\/tags?post=10041"}],"curies":[{"name":"wp","href":"https:\/\/api.w.org\/{rel}","templated":true}]}}