{"id":10043,"date":"2017-04-06T15:36:05","date_gmt":"2017-04-06T13:36:05","guid":{"rendered":"http:\/\/santpedor.net\/radio\/?p=10043"},"modified":"2017-04-06T15:43:33","modified_gmt":"2017-04-06T13:43:33","slug":"el-segon-campament-medieval-a-santpedor-ja-te-data","status":"publish","type":"post","link":"https:\/\/santpedor.net\/radio\/el-segon-campament-medieval-a-santpedor-ja-te-data\/","title":{"rendered":"El segon campament medieval a Santpedor ja t\u00e9 data"},"content":{"rendered":"<p>COM. AJ. SANTEPDOR | L\u2019alcalde de Santpedor, Xavier Codina, i dos representants de Fundaci\u00f3 Bages Medieval, Mir\u00e8ia Aren\u00f3s i Sendo Espinalt, ja tenen <strong>garantida la col\u00b7laboraci\u00f3 de la Diputaci\u00f3 de Barcelona per poder fer el segon campament medieval a Santpedor<\/strong> el cap de setmana del 21 i 22 d\u2019octubre. La delegaci\u00f3 de Santpedor s\u2019ha reunit amb el diputat de turisme Miquel Forns, i dos representants m\u00e9s de la Diputaci\u00f3, Pere Regull i Francesc Vila, per parlar del patrimoni cultural i tur\u00edstic de Santpedor, tant el medieval com el modernista, despr\u00e9s de la presentaci\u00f3 fa un mes i mig del llegat de l\u2019arquitecte mataron\u00ed Puig i Cadafalch al poble.<\/p>\n<p>Aix\u00ed, la posada en marxa del segon campament ja \u00e9s una realitat despr\u00e9s de la bona acollida de la <a href=\"http:\/\/santpedor.net\/radio\/santpedor-retrocedeix-mil-anys-temps\/\">primera edici\u00f3<\/a>, que va aplegar <strong>m\u00e9s de mil persones encuriosides per veure com es vivia a l\u2019edat mitjana<\/strong>. En total van participar prop d\u2019una vuitantena de recreacionistes arribats de diferents punts de l\u2019estat espanyol i de Catalunya. Amb el finan\u00e7ament garantit, l\u2019organitzaci\u00f3 treballa paral\u00b7lelament en la definici\u00f3 dels continguts que hi haur\u00e0 a l\u2019esdeveniment Castra Ad Aurum. En aquest sentit es preveu millorar i ampliar el nombre d\u2019activitats participatives, desenvolupar un eix tem\u00e0tic en els tallers infantils i familiars, aconseguir aplegar al campament m\u00e9s grups de recreaci\u00f3, fer tallers per a adults i organitzar xerrades divulgatives.<\/p>\n<p><strong>Poblat Medieval<\/strong><\/p>\n<p>La<strong> Fundaci\u00f3 Bages Medieval<\/strong>, \u00e9s una associaci\u00f3 que es va crear al 2015 amb l\u2019objectiu de divulgar i promoure la hist\u00f2ria medieval de la Catalunya Central. L\u2019entitat neix amb v\u00e0ries propostes per\u00f2 sens dubte destaca la de <strong>crear un poblat medieval a Santpedor<\/strong>.<\/p>\n<p>El poblat medieval del Plai\u00e0, que \u00e9s com s\u2019anomenar\u00e0, estar\u00e0 ubicat en uns camps vora el pol\u00edgon Les Verges, on els fundadors asseguren que \u201cno hi ha ni cables ni edificis a la vista\u201d. All\u00e0 es construir\u00e0 en un principi una recreaci\u00f3 d\u2019una esgl\u00e9sia rom\u00e0nica i una desena d\u2019habitatges i coberts. La intenci\u00f3 \u00e9s anar incrementant les instal\u00b7lacions i grand\u00e0ria del poblat amb el temps.<\/p>\n<figure id=\"attachment_10044\" aria-describedby=\"caption-attachment-10044\" style=\"width: 640px\" class=\"wp-caption alignnone\"><img loading=\"lazy\" decoding=\"async\" class=\"size-large wp-image-10044\" src=\"http:\/\/santpedor.net\/radio\/wp-content\/uploads\/2017\/04\/Representants-de-lajuntament-de-Santpedor-la-Fundaci\u00f3-Bages-Medieval-i-la-Diputaci\u00f3-de-Barcelona-1024x768.jpg\" alt=\"Representants de l'ajuntament de Santpedor, la Fundaci\u00f3 Bages Medieval, i la Diputaci\u00f3 de Barcelona\" width=\"640\" height=\"480\" srcset=\"https:\/\/santpedor.net\/radio\/wp-content\/uploads\/2017\/04\/Representants-de-lajuntament-de-Santpedor-la-Fundaci\u00f3-Bages-Medieval-i-la-Diputaci\u00f3-de-Barcelona.jpg 1024w, https:\/\/santpedor.net\/radio\/wp-content\/uploads\/2017\/04\/Representants-de-lajuntament-de-Santpedor-la-Fundaci\u00f3-Bages-Medieval-i-la-Diputaci\u00f3-de-Barcelona-300x225.jpg 300w, https:\/\/santpedor.net\/radio\/wp-content\/uploads\/2017\/04\/Representants-de-lajuntament-de-Santpedor-la-Fundaci\u00f3-Bages-Medieval-i-la-Diputaci\u00f3-de-Barcelona-768x576.jpg 768w, https:\/\/santpedor.net\/radio\/wp-content\/uploads\/2017\/04\/Representants-de-lajuntament-de-Santpedor-la-Fundaci\u00f3-Bages-Medieval-i-la-Diputaci\u00f3-de-Barcelona-80x60.jpg 80w, https:\/\/santpedor.net\/radio\/wp-content\/uploads\/2017\/04\/Representants-de-lajuntament-de-Santpedor-la-Fundaci\u00f3-Bages-Medieval-i-la-Diputaci\u00f3-de-Barcelona-265x198.jpg 265w, https:\/\/santpedor.net\/radio\/wp-content\/uploads\/2017\/04\/Representants-de-lajuntament-de-Santpedor-la-Fundaci\u00f3-Bages-Medieval-i-la-Diputaci\u00f3-de-Barcelona-696x522.jpg 696w, https:\/\/santpedor.net\/radio\/wp-content\/uploads\/2017\/04\/Representants-de-lajuntament-de-Santpedor-la-Fundaci\u00f3-Bages-Medieval-i-la-Diputaci\u00f3-de-Barcelona-1068x801.jpg 1068w, https:\/\/santpedor.net\/radio\/wp-content\/uploads\/2017\/04\/Representants-de-lajuntament-de-Santpedor-la-Fundaci\u00f3-Bages-Medieval-i-la-Diputaci\u00f3-de-Barcelona-560x420.jpg 560w\" sizes=\"auto, (max-width: 640px) 100vw, 640px\" \/><figcaption id=\"caption-attachment-10044\" class=\"wp-caption-text\">Representants de l&#8217;ajuntament de Santpedor, la Fundaci\u00f3 Bages Medieval, i la Diputaci\u00f3 de Barcelona<\/figcaption><\/figure>\n","protected":false},"excerpt":{"rendered":"<p>COM. AJ. SANTEPDOR | L\u2019alcalde de Santpedor, Xavier Codina, i dos representants de Fundaci\u00f3 Bages Medieval, Mir\u00e8ia Aren\u00f3s i Sendo Espinalt, ja tenen garantida la col\u00b7laboraci\u00f3 de la Diputaci\u00f3 de Barcelona per poder fer el segon campament medieval a Santpedor el cap de setmana del 21 i 22 d\u2019octubre. La delegaci\u00f3 de Santpedor s\u2019ha reunit [&hellip;]<\/p>\n","protected":false},"author":2,"featured_media":10045,"comment_status":"open","ping_status":"closed","sticky":false,"template":"","format":"standard","meta":{"footnotes":""},"categories":[236,3],"tags":[518,565,361,154,113],"class_list":{"0":"post-10043","1":"post","2":"type-post","3":"status-publish","4":"format-standard","5":"has-post-thumbnail","7":"category-entitats-i-cultura","8":"category-noticies","9":"tag-campament-medieval","10":"tag-castra-ad-aurum","11":"tag-diputacio-de-barcelona","12":"tag-fundacio-bages-medieval","13":"tag-santpedor"},"_links":{"self":[{"href":"https:\/\/santpedor.net\/radio\/wp-json\/wp\/v2\/posts\/10043","targetHints":{"allow":["GET"]}}],"collection":[{"href":"https:\/\/santpedor.net\/radio\/wp-json\/wp\/v2\/posts"}],"about":[{"href":"https:\/\/santpedor.net\/radio\/wp-json\/wp\/v2\/types\/post"}],"author":[{"embeddable":true,"href":"https:\/\/santpedor.net\/radio\/wp-json\/wp\/v2\/users\/2"}],"replies":[{"embeddable":true,"href":"https:\/\/santpedor.net\/radio\/wp-json\/wp\/v2\/comments?post=10043"}],"version-history":[{"count":0,"href":"https:\/\/santpedor.net\/radio\/wp-json\/wp\/v2\/posts\/10043\/revisions"}],"wp:featuredmedia":[{"embeddable":true,"href":"https:\/\/santpedor.net\/radio\/wp-json\/wp\/v2\/media\/10045"}],"wp:attachment":[{"href":"https:\/\/santpedor.net\/radio\/wp-json\/wp\/v2\/media?parent=10043"}],"wp:term":[{"taxonomy":"category","embeddable":true,"href":"https:\/\/santpedor.net\/radio\/wp-json\/wp\/v2\/categories?post=10043"},{"taxonomy":"post_tag","embeddable":true,"href":"https:\/\/santpedor.net\/radio\/wp-json\/wp\/v2\/tags?post=10043"}],"curies":[{"name":"wp","href":"https:\/\/api.w.org\/{rel}","templated":true}]}}