{"id":10054,"date":"2017-04-09T15:55:26","date_gmt":"2017-04-09T13:55:26","guid":{"rendered":"http:\/\/santpedor.net\/radio\/?p=10054"},"modified":"2017-04-09T15:55:26","modified_gmt":"2017-04-09T13:55:26","slug":"montse-terradas-la-vacunacio-es-una-eina-de-prevencio-molt-important-i-eficac","status":"publish","type":"post","link":"https:\/\/santpedor.net\/radio\/montse-terradas-la-vacunacio-es-una-eina-de-prevencio-molt-important-i-eficac\/","title":{"rendered":"Montse Terradas: &#8220;La vacunaci\u00f3 \u00e9s una eina de prevenci\u00f3 molt important i efica\u00e7&#8221;"},"content":{"rendered":"<p>La setmana passada la mort de la Martina, una nena manresana de 9 anys, per meningitis, va colpir amb for\u00e7a la comarca per la rapidesa i crueltat amb qu\u00e8 la malaltia va prendre-li la vida; i va generar tamb\u00e9 dubtes i preocupacions en fam\u00edlies que no tenen informaci\u00f3 de primera m\u00e0 sobre la naturalesa d\u2019aquesta malaltia i la manera com es es pot prevenir.<\/p>\n<p>Val a dir que la bacteri que va acabar amb la vida de la Martina \u00e9s el Meningococ C, una variant de la meningitis per la qual ja hi ha una vacuna establerta al calendari dels infants. \u00c9s per aquest motiu que Montse Terradas, metge pediatra del CAP Santpedor, <strong>aconsella a les fam\u00edlies que no deixin d&#8217;administrar cap vacuna als infants<\/strong>. Tamb\u00e9 del CAP Santpedor, la infermera Rosa Solsona assegura que aquests \u00faltims dies ha vingut for\u00e7a gent preocupada pel tema i amb forces dubtes.<\/p>\n<p>Des de R\u00e0dio Santpedor vam parlar amb totes dues perqu\u00e8 ens apropessin a la realitat i variants d&#8217;aquesta malaltia, i les formes de prevenir-la. Escolteu l&#8217;entrevista:<\/p>\n<p><iframe loading=\"lazy\" id=\"audio_18043541\" style=\"border: 1px solid #EEE; box-sizing: border-box; width: 100%;\" src=\"http:\/\/www.ivoox.com\/player_ej_18043541_4_1.html?c1=828282\" width=\"300\" height=\"200\" frameborder=\"0\" scrolling=\"no\" allowfullscreen=\"allowfullscreen\"><\/iframe><\/p>\n","protected":false},"excerpt":{"rendered":"<p>La setmana passada la mort de la Martina, una nena manresana de 9 anys, per meningitis, va colpir amb for\u00e7a la comarca per la rapidesa i crueltat amb qu\u00e8 la malaltia va prendre-li la vida; i va generar tamb\u00e9 dubtes i preocupacions en fam\u00edlies que no tenen informaci\u00f3 de primera m\u00e0 sobre la naturalesa d\u2019aquesta [&hellip;]<\/p>\n","protected":false},"author":6,"featured_media":10055,"comment_status":"open","ping_status":"closed","sticky":false,"template":"","format":"standard","meta":{"footnotes":""},"categories":[3,137],"tags":[686,835,666,828,829,836,27,28,113,831],"class_list":{"0":"post-10054","1":"post","2":"type-post","3":"status-publish","4":"format-standard","5":"has-post-thumbnail","7":"category-noticies","8":"category-societat","9":"tag-cap","10":"tag-infermera","11":"tag-manresa","12":"tag-meningitis","13":"tag-meningococ","14":"tag-pediatra","15":"tag-sallent","16":"tag-sant-fruitos-de-bages","17":"tag-santpedor","18":"tag-vacuna"},"_links":{"self":[{"href":"https:\/\/santpedor.net\/radio\/wp-json\/wp\/v2\/posts\/10054","targetHints":{"allow":["GET"]}}],"collection":[{"href":"https:\/\/santpedor.net\/radio\/wp-json\/wp\/v2\/posts"}],"about":[{"href":"https:\/\/santpedor.net\/radio\/wp-json\/wp\/v2\/types\/post"}],"author":[{"embeddable":true,"href":"https:\/\/santpedor.net\/radio\/wp-json\/wp\/v2\/users\/6"}],"replies":[{"embeddable":true,"href":"https:\/\/santpedor.net\/radio\/wp-json\/wp\/v2\/comments?post=10054"}],"version-history":[{"count":0,"href":"https:\/\/santpedor.net\/radio\/wp-json\/wp\/v2\/posts\/10054\/revisions"}],"wp:featuredmedia":[{"embeddable":true,"href":"https:\/\/santpedor.net\/radio\/wp-json\/wp\/v2\/media\/10055"}],"wp:attachment":[{"href":"https:\/\/santpedor.net\/radio\/wp-json\/wp\/v2\/media?parent=10054"}],"wp:term":[{"taxonomy":"category","embeddable":true,"href":"https:\/\/santpedor.net\/radio\/wp-json\/wp\/v2\/categories?post=10054"},{"taxonomy":"post_tag","embeddable":true,"href":"https:\/\/santpedor.net\/radio\/wp-json\/wp\/v2\/tags?post=10054"}],"curies":[{"name":"wp","href":"https:\/\/api.w.org\/{rel}","templated":true}]}}