{"id":10099,"date":"2017-04-20T15:59:57","date_gmt":"2017-04-20T13:59:57","guid":{"rendered":"http:\/\/santpedor.net\/radio\/?p=10099"},"modified":"2017-04-20T16:03:08","modified_gmt":"2017-04-20T14:03:08","slug":"el-ple-de-lajuntament-de-santpedor-aprova-lacte-de-les-vaquetes-per-festa-major","status":"publish","type":"post","link":"https:\/\/santpedor.net\/radio\/el-ple-de-lajuntament-de-santpedor-aprova-lacte-de-les-vaquetes-per-festa-major\/","title":{"rendered":"El ple de l&#8217;Ajuntament de Santpedor aprova l&#8217;acte de les vaquetes per Festa Major"},"content":{"rendered":"<p>COM. AJ. SANTPEDOR | El ple de l\u2019Ajuntament de Santpedor ha aprovat aquest mes d\u2019abril la dissoluci\u00f3 del registre de parelles de fet que existia des de fa 13 anys al municipi despr\u00e9s que ha entrat en vigor aquest mateix mes un registre \u00fanic a Catalunya de parelles estables. El mateix ple va aprovar tamb\u00e9 per unanimitat dels grups pol\u00edtics, ERC, CiU i PM, la celebraci\u00f3 de la festa del Correbous de Santpedor festa Major 2017.<\/p>\n<p>Aquests van ser els dos temes que van comptar amb el suport un\u00e0nime de totes les formacions pol\u00edtiques amb representaci\u00f3 al ple municipal. Sobre el registre municipal de parelles de fet, aquest era un tr\u00e0mit que calia complir ara que hi ha un registre \u00fanic de parelles estables a Catalunya que va entrar en vigor el dia 1 d\u2019abril. Aix\u00f2 comporta que totes les parelles de fet registrades a Santpedor caldr\u00e0 que recullin un certificat a l\u2019Ajuntament per poder fer el pas de registrar-se a aquest nou registre \u00fanic que dep\u00e8n de la Generalitat. L\u2019Ajuntament ha avisat les parelles que estaven en proc\u00e9s de registre per\u00f2 les parelles que estaven registrades a l\u2019Ajuntament ara hauran de fer el pas novament, en cas que vulguin continuar en un registre vigent. El tr\u00e0mit \u00e9s molt senzill: cal anar a l\u2019Ajuntament demanar el certificat corresponent i tramitar el registre o b\u00e9 presencialment en una oficina de la Generalitat o b\u00e9 online a aquesta p\u00e0gina: <a href=\"http:\/\/justicia.gencat.cat\/ca\/serveis\/registre-parelles-estables\/\">http:\/\/justicia.gencat.cat\/ca\/serveis\/registre-parelles-estables\/<\/a> . En aquesta mateixa p\u00e0gina hi podeu trobar m\u00e9s informaci\u00f3. Aix\u00f2 no afecta per a res el reconeixement de parelles de fet que \u00e9s en base als requisits aprovats a la llei del 29 de juliol del 2010 del llibre segon del Codi civil de Catalunya, relatiu a la persona i la fam\u00edlia.<\/p>\n<p>El ple tamb\u00e9 va aprovar per unanimitat la celebraci\u00f3 un any m\u00e9s de la festa del Correbous de Santpedor per a aquesta festa Major, un tr\u00e0mit que es fa cada any com a pas previ a la sol\u00b7licitud que es tramita a la delegaci\u00f3 territorial del govern demanant-ne l\u2019autoritzaci\u00f3.<\/p>\n<p><strong>Nous preus per als casals infantils i per a les teleassist\u00e8ncies<\/strong><\/p>\n<p>En els altres temes que es van tractar destaca l\u2019aprovaci\u00f3 amb els vots d\u2019ERC de les Ordenances Fiscals i Preus p\u00fablics 2017 que afecten al servei de teleassist\u00e8ncies i als serveis de Bitxac i el M\u00f3n del Joc, b\u00e0sicament. Aqu\u00ed s\u2019hi van abstenir CiU i PM.<\/p>\n","protected":false},"excerpt":{"rendered":"<p>COM. AJ. SANTPEDOR | El ple de l\u2019Ajuntament de Santpedor ha aprovat aquest mes d\u2019abril la dissoluci\u00f3 del registre de parelles de fet que existia des de fa 13 anys al municipi despr\u00e9s que ha entrat en vigor aquest mateix mes un registre \u00fanic a Catalunya de parelles estables. El mateix ple va aprovar tamb\u00e9 [&hellip;]<\/p>\n","protected":false},"author":2,"featured_media":10100,"comment_status":"open","ping_status":"closed","sticky":false,"template":"","format":"standard","meta":{"footnotes":""},"categories":[3,136],"tags":[7,406,21,845,753,38,58,113,407],"class_list":{"0":"post-10099","1":"post","2":"type-post","3":"status-publish","4":"format-standard","5":"has-post-thumbnail","7":"category-noticies","8":"category-politica-i-economia","9":"tag-ajuntament","10":"tag-correbous","11":"tag-erc","12":"tag-parelles-de-fet","13":"tag-pdecat","14":"tag-ple","15":"tag-psc","16":"tag-santpedor","17":"tag-vaquetes"},"_links":{"self":[{"href":"https:\/\/santpedor.net\/radio\/wp-json\/wp\/v2\/posts\/10099","targetHints":{"allow":["GET"]}}],"collection":[{"href":"https:\/\/santpedor.net\/radio\/wp-json\/wp\/v2\/posts"}],"about":[{"href":"https:\/\/santpedor.net\/radio\/wp-json\/wp\/v2\/types\/post"}],"author":[{"embeddable":true,"href":"https:\/\/santpedor.net\/radio\/wp-json\/wp\/v2\/users\/2"}],"replies":[{"embeddable":true,"href":"https:\/\/santpedor.net\/radio\/wp-json\/wp\/v2\/comments?post=10099"}],"version-history":[{"count":0,"href":"https:\/\/santpedor.net\/radio\/wp-json\/wp\/v2\/posts\/10099\/revisions"}],"wp:featuredmedia":[{"embeddable":true,"href":"https:\/\/santpedor.net\/radio\/wp-json\/wp\/v2\/media\/10100"}],"wp:attachment":[{"href":"https:\/\/santpedor.net\/radio\/wp-json\/wp\/v2\/media?parent=10099"}],"wp:term":[{"taxonomy":"category","embeddable":true,"href":"https:\/\/santpedor.net\/radio\/wp-json\/wp\/v2\/categories?post=10099"},{"taxonomy":"post_tag","embeddable":true,"href":"https:\/\/santpedor.net\/radio\/wp-json\/wp\/v2\/tags?post=10099"}],"curies":[{"name":"wp","href":"https:\/\/api.w.org\/{rel}","templated":true}]}}