{"id":10122,"date":"2017-04-24T14:10:11","date_gmt":"2017-04-24T12:10:11","guid":{"rendered":"http:\/\/santpedor.net\/radio\/?p=10122"},"modified":"2017-04-25T11:41:09","modified_gmt":"2017-04-25T09:41:09","slug":"ultima-setmana-per-votar-les-quatre-opcions-dels-pressupostos-participatius","status":"publish","type":"post","link":"https:\/\/santpedor.net\/radio\/ultima-setmana-per-votar-les-quatre-opcions-dels-pressupostos-participatius\/","title":{"rendered":"\u00daltima setmana per votar les quatre opcions dels pressupostos participatius"},"content":{"rendered":"<p>Aquest diumenge, 30 d\u2019abril, acaba el termini per votar els primers pressupostos participatius de l\u2019Ajuntament de Santpedor, que posen a votaci\u00f3 quatre opcions per decidir en qu\u00e8 s\u2019invertiran 20.000 euros a c\u00e0rrec dels comptes d\u2019aquest 2017. Hi poden participar tots els majors de 16 anys anant a les urnes que hi ha a les oficines de l\u2019Ajuntament i a la biblioteca Pare Ignasi Casanovas en els horaris que estan obertes, o b\u00e9 a trav\u00e9s del correu electr\u00f2nic seguint els passos indicats al web municipal santpedor.cat . El recompte es far\u00e0 el 2 de maig a les 19:30 a la capella de Sant Andreu.<\/p>\n<p>Al Pla\u00e7a Gran d\u2019aquest mes vam aprofundir en cadascuna de les quatre opcions a votaci\u00f3:<\/p>\n<p><strong>1. Com era la Font de les Escales?<\/strong><\/p>\n<p><img loading=\"lazy\" decoding=\"async\" class=\"size-medium wp-image-10124 alignleft\" src=\"http:\/\/santpedor.net\/radio\/wp-content\/uploads\/2017\/04\/font-300x169.jpg\" alt=\"\" width=\"300\" height=\"169\" srcset=\"https:\/\/santpedor.net\/radio\/wp-content\/uploads\/2017\/04\/font-300x169.jpg 300w, https:\/\/santpedor.net\/radio\/wp-content\/uploads\/2017\/04\/font-768x432.jpg 768w, https:\/\/santpedor.net\/radio\/wp-content\/uploads\/2017\/04\/font-696x391.jpg 696w, https:\/\/santpedor.net\/radio\/wp-content\/uploads\/2017\/04\/font-747x420.jpg 747w, https:\/\/santpedor.net\/radio\/wp-content\/uploads\/2017\/04\/font.jpg 852w\" sizes=\"auto, (max-width: 300px) 100vw, 300px\" \/>La primera de les opcions preveu redactar un projecte per descobrir la Font de les escales, sepultades des del 1978 sota en l\u2019asfalt per connectar la pla\u00e7a de la Font amb el carrer Passeig. La historiadora <strong>Mireia<\/strong><strong> Vila<\/strong>, responsable de l\u2019arxiu municipal, ens explica que la font va ser durant segles la principal font d\u2019aigua del poble i, per aix\u00f2, el centre de l\u2019activitat dels santpedorencs. La ve\u00efna del carrer Santa Anna <strong>Rosa Guit\u00f3<\/strong> ens explica el seu record de la font de les escales, on hi jugava de petita, i que recorda com un lloc deixat.<\/p>\n<p><iframe loading=\"lazy\" src=\"http:\/\/www.ivoox.com\/player_ek_18304255_2_1.html?data=kp2gkpmWeZahhpywj5aVaZS1lZ6ah5yncZOhhpywj5WRaZi3jpWah5yncbHgwoqwlYqle8KfqNfO0JCRb7Hm0M_SxdnJb8XZjNfSyNTWscKfp9Tb1pDIqYzgxtiYp9jHpc3Z1JKSmaiRloa3lIquksnNs4zHwtPh0srIs9Ohhpywj5k.&amp;\" width=\"238\" height=\"48\" frameborder=\"0\" scrolling=\"no\" allowfullscreen=\"allowfullscreen\"><\/iframe><\/p>\n<p><em>Si vols m\u00e9s informaci\u00f3 d\u2019aquesta proposta fes clic per veure&#8217;n aquest <a href=\"https:\/\/www.youtube.com\/watch?v=prA0i_eniWc&amp;t=52s\">v\u00eddeo<\/a>.<\/em><\/p>\n<p><strong>2. Qui faria servir un aparcament de caravanes?<\/strong><\/p>\n<p><img loading=\"lazy\" decoding=\"async\" class=\"size-medium wp-image-10123 alignleft\" src=\"http:\/\/santpedor.net\/radio\/wp-content\/uploads\/2017\/04\/aparcament-caravanes-300x168.jpg\" alt=\"\" width=\"300\" height=\"168\" srcset=\"https:\/\/santpedor.net\/radio\/wp-content\/uploads\/2017\/04\/aparcament-caravanes-300x168.jpg 300w, https:\/\/santpedor.net\/radio\/wp-content\/uploads\/2017\/04\/aparcament-caravanes-768x431.jpg 768w, https:\/\/santpedor.net\/radio\/wp-content\/uploads\/2017\/04\/aparcament-caravanes-696x390.jpg 696w, https:\/\/santpedor.net\/radio\/wp-content\/uploads\/2017\/04\/aparcament-caravanes-749x420.jpg 749w, https:\/\/santpedor.net\/radio\/wp-content\/uploads\/2017\/04\/aparcament-caravanes.jpg 854w\" sizes=\"auto, (max-width: 300px) 100vw, 300px\" \/>La segona proposta preveu crear una zona d\u2019estacionament d&#8217;autocaravanes, que l\u2019Ajuntament preveu situar a la zona esportiva (prop del Paller) i dotar-lo amb punts d\u2019aigua i de llum per aquesta mena de vehicles. La <strong>Mireia Aren\u00f3s<\/strong>, responsable del projecte del poblat medieval El Plai\u00e0 i autocaravanista, ens ha explicat per qu\u00e8 aquest espai podria atraure visitants al poble aprofitant que farien parada i fonda a l&#8217;aparcament.<\/p>\n<p><iframe loading=\"lazy\" src=\"http:\/\/www.ivoox.com\/player_ek_18304275_2_1.html?data=kp2gkpmWe5ahhpywj5WbaZS1lJWah5yncZOhhpywj5WRaZi3jpWah5yncbHgwoqwlYqle8KfqNfO0JCRb7Hm0M_SxdnJb7vjz8aYxoqWe6Lp1dTQw9fFusLixtiah5yncbOZpJiSo5XIrdCftMbb1tXJqNDmjoqkpZKY&amp;\" width=\"238\" height=\"48\" frameborder=\"0\" scrolling=\"no\" allowfullscreen=\"allowfullscreen\"><\/iframe><\/p>\n<p><em>Si vols m\u00e9s informaci\u00f3 d\u2019aquesta proposta fes clic per veure&#8217;n aquest <a href=\"https:\/\/www.youtube.com\/watch?v=eL9AUler8Kw&amp;t=51s\">v\u00eddeo<\/a>.<strong>\u00a0<\/strong><\/em><\/p>\n<p><strong>3.\u00a0<\/strong><strong>Quina informaci\u00f3 podria donar el punt d\u2019informaci\u00f3 interactiu?<\/strong><\/p>\n<p><img loading=\"lazy\" decoding=\"async\" class=\"size-medium wp-image-10127 alignleft\" src=\"http:\/\/santpedor.net\/radio\/wp-content\/uploads\/2017\/04\/totem-300x169.jpg\" alt=\"\" width=\"300\" height=\"169\" srcset=\"https:\/\/santpedor.net\/radio\/wp-content\/uploads\/2017\/04\/totem-300x169.jpg 300w, https:\/\/santpedor.net\/radio\/wp-content\/uploads\/2017\/04\/totem-768x434.jpg 768w, https:\/\/santpedor.net\/radio\/wp-content\/uploads\/2017\/04\/totem-696x393.jpg 696w, https:\/\/santpedor.net\/radio\/wp-content\/uploads\/2017\/04\/totem-744x420.jpg 744w, https:\/\/santpedor.net\/radio\/wp-content\/uploads\/2017\/04\/totem.jpg 852w\" sizes=\"auto, (max-width: 300px) 100vw, 300px\" \/>La tercera opci\u00f3 \u00e9s un giny per donar informaci\u00f3 als turistes que vinguin al poble: un t\u00f2tem interactiu, amb una pantalla t\u00e0ctil amb pl\u00e0nols, rutes i imatges d\u2019actes, que estaria situat a la pla\u00e7a Gran. La guia tur\u00edstica <strong>Cec\u00edlia Vila<\/strong>, de Romanicor, explica alguns detalls del barri antic que desperten l\u2019inter\u00e8s dels visitants que es passegen pel nostre poble.<\/p>\n<p><iframe loading=\"lazy\" src=\"http:\/\/www.ivoox.com\/player_ek_18304332_2_1.html?data=kp2gkpmXd5Ohhpywj5WdaZS1lpuah5yncZOhhpywj5WRaZi3jpWah5yncbHgwoqwlYqle8KfqNfO0JCRb7Hm0M_SxdnJb7WZpJiSpJjYqc6fytPhx9fFp9Xd1pDRh5ebrc_a0Nfaw8jNaaSnhqegj4qbh47Ghqigh6aUqMrjjLjO0NnUqcXj05KSmaiReA..&amp;\" width=\"238\" height=\"48\" frameborder=\"0\" scrolling=\"no\" allowfullscreen=\"allowfullscreen\"><\/iframe><\/p>\n<p><em>Si vols m\u00e9s informaci\u00f3 d\u2019aquesta proposta fes clic per veure&#8217;n aquest <a href=\"https:\/\/www.youtube.com\/watch?v=gplD0hl2hz8&amp;t=131s\">v\u00eddeo<\/a>.<\/em><\/p>\n<p><strong>4. Per qu\u00e8 els gossos (i els amos) voldrien\u00a0un espai de socialitzaci\u00f3?<\/strong><\/p>\n<p><img loading=\"lazy\" decoding=\"async\" class=\"size-medium wp-image-10126 alignleft\" src=\"http:\/\/santpedor.net\/radio\/wp-content\/uploads\/2017\/04\/gossos-300x169.jpg\" alt=\"\" width=\"300\" height=\"169\" srcset=\"https:\/\/santpedor.net\/radio\/wp-content\/uploads\/2017\/04\/gossos-300x169.jpg 300w, https:\/\/santpedor.net\/radio\/wp-content\/uploads\/2017\/04\/gossos-768x432.jpg 768w, https:\/\/santpedor.net\/radio\/wp-content\/uploads\/2017\/04\/gossos-696x392.jpg 696w, https:\/\/santpedor.net\/radio\/wp-content\/uploads\/2017\/04\/gossos-746x420.jpg 746w, https:\/\/santpedor.net\/radio\/wp-content\/uploads\/2017\/04\/gossos.jpg 853w\" sizes=\"auto, (max-width: 300px) 100vw, 300px\" \/>La quarta opci\u00f3 \u00e9s un espai de socialitzaci\u00f3 de gossos, perqu\u00e8 hi facin les seves necessitats, d\u2019uns 800 metres quadrats tancats i que tindria arbres, bancs i papareres. El veterinari de la Cl\u00ednica Veterin\u00e0ria de Santpedor <strong>David Pujol<\/strong> explica com els gossos actuarien en aquest espai, que ajudaria a resoldre el problema dels excrements al carrer per\u00f2 dif\u00edcilment el de l&#8217;orina.<\/p>\n<p><iframe loading=\"lazy\" src=\"http:\/\/www.ivoox.com\/player_ek_18304295_2_1.html?data=kp2gkpmWfZahhpywj5WcaZS1lJuah5yncZOhhpywj5WRaZi3jpWah5yncbHgwoqwlYqle8KfqNfO0JCRb7Hm0M_SxdnJb8bn0cbWjcnJb9TjxM7Ozs7YvsLXyoqwlYqmd4zYxpDU0djXs46ZmKiatIqnd4a1kcnW0ZC3pc_o0crR0deRaZi3jpk.&amp;\" width=\"238\" height=\"48\" frameborder=\"0\" scrolling=\"no\" allowfullscreen=\"allowfullscreen\"><\/iframe><\/p>\n<p><em>Si vols m\u00e9s informaci\u00f3 d\u2019aquesta proposta fes clic per veure&#8217;n aquest <a href=\"https:\/\/www.youtube.com\/watch?v=SHiTFIlYRLo\">v\u00eddeo<\/a>.<\/em><\/p>\n<p>L&#8217;oposici\u00f3 ha criticat que les opcions que es voten en els pressupostos participatius no sorgeixin de les idees de ve\u00efns i entitats\u00a0del poble sin\u00f3 directament de les regidories, i el govern municipal recorda que aquest any s&#8217;ha fet un pla pilot i de cara al que ve se&#8217;n canviar\u00e0 el funcionament. A banda d&#8217;aquest tema, al Pla\u00e7a Gran tamb\u00e9 vam repassar els acords del ple d&#8217;abril amb els regidors Laura Tarradellas (ERC), Roser Llobera (PDECat) i Fina Rodr\u00edguez\u00a0(Progr\u00e9s Municipal). Pots sentir el programa sencer aqu\u00ed:<\/p>\n<p><iframe loading=\"lazy\" id=\"audio_18304235\" style=\"border: 1px solid #EEE; box-sizing: border-box; width: 100%;\" src=\"http:\/\/www.ivoox.com\/player_ej_18304235_4_1.html?c1=828282\" width=\"300\" height=\"200\" frameborder=\"0\" scrolling=\"no\" allowfullscreen=\"allowfullscreen\"><\/iframe><\/p>\n","protected":false},"excerpt":{"rendered":"<p>Aquest diumenge, 30 d\u2019abril, acaba el termini per votar els primers pressupostos participatius de l\u2019Ajuntament de Santpedor, que posen a votaci\u00f3 quatre opcions per decidir en qu\u00e8 s\u2019invertiran 20.000 euros a c\u00e0rrec dels comptes d\u2019aquest 2017. Hi poden participar tots els majors de 16 anys anant a les urnes que hi ha a les oficines [&hellip;]<\/p>\n","protected":false},"author":4,"featured_media":10125,"comment_status":"open","ping_status":"closed","sticky":false,"template":"","format":"standard","meta":{"footnotes":""},"categories":[1,3,356,136],"tags":[7,840,413,396,113],"class_list":{"0":"post-10122","1":"post","2":"type-post","3":"status-publish","4":"format-standard","5":"has-post-thumbnail","7":"category-general","8":"category-noticies","9":"category-placa-gran","10":"category-politica-i-economia","11":"tag-ajuntament","12":"tag-font-de-les-escales","13":"tag-pressupostos-municipals","14":"tag-pressupostos-participatius","15":"tag-santpedor"},"_links":{"self":[{"href":"https:\/\/santpedor.net\/radio\/wp-json\/wp\/v2\/posts\/10122","targetHints":{"allow":["GET"]}}],"collection":[{"href":"https:\/\/santpedor.net\/radio\/wp-json\/wp\/v2\/posts"}],"about":[{"href":"https:\/\/santpedor.net\/radio\/wp-json\/wp\/v2\/types\/post"}],"author":[{"embeddable":true,"href":"https:\/\/santpedor.net\/radio\/wp-json\/wp\/v2\/users\/4"}],"replies":[{"embeddable":true,"href":"https:\/\/santpedor.net\/radio\/wp-json\/wp\/v2\/comments?post=10122"}],"version-history":[{"count":0,"href":"https:\/\/santpedor.net\/radio\/wp-json\/wp\/v2\/posts\/10122\/revisions"}],"wp:featuredmedia":[{"embeddable":true,"href":"https:\/\/santpedor.net\/radio\/wp-json\/wp\/v2\/media\/10125"}],"wp:attachment":[{"href":"https:\/\/santpedor.net\/radio\/wp-json\/wp\/v2\/media?parent=10122"}],"wp:term":[{"taxonomy":"category","embeddable":true,"href":"https:\/\/santpedor.net\/radio\/wp-json\/wp\/v2\/categories?post=10122"},{"taxonomy":"post_tag","embeddable":true,"href":"https:\/\/santpedor.net\/radio\/wp-json\/wp\/v2\/tags?post=10122"}],"curies":[{"name":"wp","href":"https:\/\/api.w.org\/{rel}","templated":true}]}}