{"id":10177,"date":"2017-05-04T13:44:44","date_gmt":"2017-05-04T11:44:44","guid":{"rendered":"http:\/\/santpedor.net\/radio\/?p=10177"},"modified":"2017-05-04T13:44:44","modified_gmt":"2017-05-04T11:44:44","slug":"el-consell-dels-infants-de-santpedor-visita-el-parlament-de-catalunya","status":"publish","type":"post","link":"https:\/\/santpedor.net\/radio\/el-consell-dels-infants-de-santpedor-visita-el-parlament-de-catalunya\/","title":{"rendered":"El Consell dels Infants de Santpedor visita el Parlament de Catalunya"},"content":{"rendered":"<p>El Consell d\u2019Infants de Santpedor va visitar ahir el Parlament de Catalunya juntament amb Consells d&#8217;Infants d&#8217;altres pobles de la comarca, per exposar l&#8217;escola que volen pel seu futur. All\u00e0, acompanyats per l&#8217;alcalde, Xavier Codina, van poder con\u00e8ixer la presidenta del Parlament, Carme Forcadell, i les diputades Anna Gabriel i Ariana Delgado.<\/p>\n<p>En total eren fins a 70 infants vinguts d&#8217;Art\u00e9s, Sallent, Santpedor, Sant Joan de Vilatorrada i Call\u00fas, ben acompanyats per alcaldes dels seus municipis i pol\u00edtics de la comarca com el president del Consell Comarcal del Bages i tamb\u00e9 regidor de Santpedor, Agust\u00ed Comas. Entre les 34 reclamacions que han fet a l&#8217;hemicicle del parlament, destaquen: eliminar els barracons, millorar els patis, fer m\u00e9s casos pr\u00e0ctics, que els propis infants marquin el ritme de la classe, i que els mestres tinguin motivaci\u00f3. Tot plegat \u00e9s el treball que els infants en fet en les diferents trobades de Consells d&#8217;Infants impulsades pel Consell Comarca. Un projecte que vol donar veu als petits perqu\u00e8 hi diguin la seva a l&#8217;hora de millorar el sistema educatiu.<\/p>\n<p>El Consell d\u2019Infants de Santpedor est\u00e0 format per nens i nenes de 5\u00e8 i 6\u00e8 de prim\u00e0ria de totes les escoles del poble.<\/p>\n","protected":false},"excerpt":{"rendered":"<p>El Consell d\u2019Infants de Santpedor va visitar ahir el Parlament de Catalunya juntament amb Consells d&#8217;Infants d&#8217;altres pobles de la comarca, per exposar l&#8217;escola que volen pel seu futur. All\u00e0, acompanyats per l&#8217;alcalde, Xavier Codina, van poder con\u00e8ixer la presidenta del Parlament, Carme Forcadell, i les diputades Anna Gabriel i Ariana Delgado. En total eren [&hellip;]<\/p>\n","protected":false},"author":6,"featured_media":10176,"comment_status":"open","ping_status":"closed","sticky":false,"template":"","format":"standard","meta":{"footnotes":""},"categories":[3,137],"tags":[17,660,656,811,279,386,27,113,20],"class_list":{"0":"post-10177","1":"post","2":"type-post","3":"status-publish","4":"format-standard","5":"has-post-thumbnail","7":"category-noticies","8":"category-societat","9":"tag-bages","10":"tag-carme-forcadell","11":"tag-consell-dinfants","12":"tag-escola","13":"tag-infants","14":"tag-parlament-de-catalunya","15":"tag-sallent","16":"tag-santpedor","17":"tag-xavier-codina"},"_links":{"self":[{"href":"https:\/\/santpedor.net\/radio\/wp-json\/wp\/v2\/posts\/10177","targetHints":{"allow":["GET"]}}],"collection":[{"href":"https:\/\/santpedor.net\/radio\/wp-json\/wp\/v2\/posts"}],"about":[{"href":"https:\/\/santpedor.net\/radio\/wp-json\/wp\/v2\/types\/post"}],"author":[{"embeddable":true,"href":"https:\/\/santpedor.net\/radio\/wp-json\/wp\/v2\/users\/6"}],"replies":[{"embeddable":true,"href":"https:\/\/santpedor.net\/radio\/wp-json\/wp\/v2\/comments?post=10177"}],"version-history":[{"count":0,"href":"https:\/\/santpedor.net\/radio\/wp-json\/wp\/v2\/posts\/10177\/revisions"}],"wp:featuredmedia":[{"embeddable":true,"href":"https:\/\/santpedor.net\/radio\/wp-json\/wp\/v2\/media\/10176"}],"wp:attachment":[{"href":"https:\/\/santpedor.net\/radio\/wp-json\/wp\/v2\/media?parent=10177"}],"wp:term":[{"taxonomy":"category","embeddable":true,"href":"https:\/\/santpedor.net\/radio\/wp-json\/wp\/v2\/categories?post=10177"},{"taxonomy":"post_tag","embeddable":true,"href":"https:\/\/santpedor.net\/radio\/wp-json\/wp\/v2\/tags?post=10177"}],"curies":[{"name":"wp","href":"https:\/\/api.w.org\/{rel}","templated":true}]}}