{"id":10188,"date":"2017-05-06T21:06:35","date_gmt":"2017-05-06T19:06:35","guid":{"rendered":"http:\/\/santpedor.net\/radio\/?p=10188"},"modified":"2017-05-06T21:06:35","modified_gmt":"2017-05-06T19:06:35","slug":"la-primera-fira-santpedor-en-flor-obte-un-ple-absolut-en-les-activitats-proposades","status":"publish","type":"post","link":"https:\/\/santpedor.net\/radio\/la-primera-fira-santpedor-en-flor-obte-un-ple-absolut-en-les-activitats-proposades\/","title":{"rendered":"La primera fira Santpedor en flor obt\u00e9 un ple absolut en les activitats proposades"},"content":{"rendered":"<p>REDACCI\u00d3 | Prop d\u2019un miler de persones s\u2019han donat cita a la primera edici\u00f3 de la fira Santpedor en flor que s\u2019ha celebrat avui al barri antic de Santpedor. Hi havia dues propostes amb un l\u00edmit de capacitat que han sobrepassat totes les previsions. Per un costat el dinar floral amb un men\u00fa degustaci\u00f3 on la flor era la gran protagonista que va exhaurir ahir la tarda la capacitat. I per l\u2019altra la visita al projecte que ha aconseguit el suport popular dels pressupostos participatius: el projecte de millora de la font medieval de les escales, la m\u00e9s antiga del poble i que, avui, excepcionalment, es podia fer una visita guiada per aquesta font soterrada al barri antic.<br \/>\nDurant tot el dia hi ha hagut activitat a les principals places del barri antic del municipi i una muni\u00f3 de gent ha passejat per totes les propostes. A la pla\u00e7a Gran, al mat\u00ed s\u2019hi ha fet un mercat de la flor, el planter i la llavor i hi havia un punt d\u2019informaci\u00f3 municipal mentre es podia escoltar de fons la r\u00e0dio municipal. Els paradistes han venut bona part de les flors que havien portat a pla\u00e7a. De cara a futures edicions, l\u2019organitzaci\u00f3 es proposa que el mercat s\u2019allargui tot el dia per la bona acollida que ha tingut. Un altre dels \u00e8xits de la jornada ha estat la participaci\u00f3 del Santpedor Art i Creaci\u00f3 (SAC), una entitat del poble que s\u2019ha abocat en la decoraci\u00f3 dels espais del poble amb ornamentaci\u00f3 floral sorprenent i atractiva. A la pla\u00e7a de la font han agafat l\u2019aigua com a protagonista i paraig\u00fces amb flors, mentre que a la pla\u00e7a de l\u2019esgl\u00e9sia han jugat amb espais tancats que han cedit a l\u2019esgl\u00e9sia i ve\u00efns del poble per poder posar m\u00f2bils amb jocs de llum i colors mentre a la pla\u00e7a han fet un muntatge amb flors que conjugava perfectament amb l\u2019exposici\u00f3 de cinc joves artistes manresanes que exhibien joieria floral contempor\u00e0nia en flors gegants que feien d\u2019aparadors.<br \/>\nEls visitants han vist sorpresos com tot el comer\u00e7 del barri antic, prop d\u2019una vintena d\u2019establiment s\u2019han unit a la proposta guarnint els aparadors i fins i tot el forn de pa de la pla\u00e7a Gran ha fet pans de pag\u00e8s en forma de flor que ha esgotat a mig mat\u00ed.<br \/>\nLa degustaci\u00f3 de vins i cerveses locals amb sabors florals i fruiters han estat un dels reclams que l\u2019hora de l\u2019aperitiu m\u00e9s ha agra\u00eft el visitant i l\u2019antic Mercat del Born ha quedat col\u00b7lapsat entre les 12 del migdia i les 2 i altre cop a mitja tarda.<br \/>\nAquesta \u00e9s la primera activitat que organitza Santpedor des que el mes de mar\u00e7 va ser acceptat com a primer municipi del Bages a formar part de les Viles Florides de Catalunya. L\u2019Ajuntament i els edificis municipals s\u2019han abocat en aquest projecte i avui ja llu\u00efen guarnits amb grans jardineres que ja quedaran permanentment a les places del barri antic de Santpedor. L\u2019alcalde de Santpedor, Xavier Codina, assegura que \u201cla resposta de la gent de Santpedor a aquesta fira ens deixa un gran regust i volem afrontar nous reptes per fer del nostre poble un municipi amb molta activitat, on hi passen coses, on es fa molta vida\u201d. El proper objectiu ser\u00e0 aquest proper mes de juny quan s\u2019organitzar\u00e0 un concurs de balcons entre els ve\u00efns del barri antic. Avui alguns balcons que fina ara es presentaven nus, ja llu\u00efen testos amb flors de tots colors preparant-se per a aquest concurs.<\/p>\n","protected":false},"excerpt":{"rendered":"<p>REDACCI\u00d3 | Prop d\u2019un miler de persones s\u2019han donat cita a la primera edici\u00f3 de la fira Santpedor en flor que s\u2019ha celebrat avui al barri antic de Santpedor. Hi havia dues propostes amb un l\u00edmit de capacitat que han sobrepassat totes les previsions. Per un costat el dinar floral amb un men\u00fa degustaci\u00f3 on [&hellip;]<\/p>\n","protected":false},"author":6,"featured_media":10189,"comment_status":"open","ping_status":"closed","sticky":false,"template":"","format":"standard","meta":{"footnotes":""},"categories":[236,3],"tags":[],"class_list":{"0":"post-10188","1":"post","2":"type-post","3":"status-publish","4":"format-standard","5":"has-post-thumbnail","7":"category-entitats-i-cultura","8":"category-noticies"},"_links":{"self":[{"href":"https:\/\/santpedor.net\/radio\/wp-json\/wp\/v2\/posts\/10188","targetHints":{"allow":["GET"]}}],"collection":[{"href":"https:\/\/santpedor.net\/radio\/wp-json\/wp\/v2\/posts"}],"about":[{"href":"https:\/\/santpedor.net\/radio\/wp-json\/wp\/v2\/types\/post"}],"author":[{"embeddable":true,"href":"https:\/\/santpedor.net\/radio\/wp-json\/wp\/v2\/users\/6"}],"replies":[{"embeddable":true,"href":"https:\/\/santpedor.net\/radio\/wp-json\/wp\/v2\/comments?post=10188"}],"version-history":[{"count":0,"href":"https:\/\/santpedor.net\/radio\/wp-json\/wp\/v2\/posts\/10188\/revisions"}],"wp:featuredmedia":[{"embeddable":true,"href":"https:\/\/santpedor.net\/radio\/wp-json\/wp\/v2\/media\/10189"}],"wp:attachment":[{"href":"https:\/\/santpedor.net\/radio\/wp-json\/wp\/v2\/media?parent=10188"}],"wp:term":[{"taxonomy":"category","embeddable":true,"href":"https:\/\/santpedor.net\/radio\/wp-json\/wp\/v2\/categories?post=10188"},{"taxonomy":"post_tag","embeddable":true,"href":"https:\/\/santpedor.net\/radio\/wp-json\/wp\/v2\/tags?post=10188"}],"curies":[{"name":"wp","href":"https:\/\/api.w.org\/{rel}","templated":true}]}}