{"id":10261,"date":"2017-05-26T16:16:57","date_gmt":"2017-05-26T14:16:57","guid":{"rendered":"http:\/\/santpedor.net\/radio\/?p=10261"},"modified":"2017-05-26T16:18:47","modified_gmt":"2017-05-26T14:18:47","slug":"lajuntament-fara-una-prospeccio-arqueologica-a-la-font-de-les-escales","status":"publish","type":"post","link":"https:\/\/santpedor.net\/radio\/lajuntament-fara-una-prospeccio-arqueologica-a-la-font-de-les-escales\/","title":{"rendered":"L\u2019Ajuntament far\u00e0 una prospecci\u00f3 arqueol\u00f2gica a la Font de les Escales"},"content":{"rendered":"<p>L\u2019Ajuntament t\u00e9 previst encarregar dos treballs a la Font de les Escales, <a href=\"http:\/\/santpedor.net\/radio\/la-font-de-les-escales-guanyen-els-primers-pressupostos-participatius\/\">l\u2019opci\u00f3 guanyadora dels pressupostos participatius d\u2019aquest 2017<\/a> i a la qual s\u2019hi destinaran 20.000 euros. El primer \u00e9s una prospecci\u00f3 arqueol\u00f2gica per avan\u00e7ar a zones inexplorades i veure fins a on arriba la mina d\u2019aigua, que es va poder visitar fa uns dies en <a href=\"http:\/\/santpedor.net\/radio\/la-primera-fira-santpedor-en-flor-obte-un-ple-absolut-en-les-activitats-proposades\/\">la jornada de Santpedor en flor<\/a>. I el segon ser\u00e0 un estudi per veure com es poden millorar les condicions de seguretat per fer visitable l\u2019espai que ara est\u00e0 cobert sota l\u2019asfalt del carrer Passeig.<\/p>\n<p>El regidor de Medi Ambient i Urbanisme, Josep Illa, ho va explicar al Pla\u00e7a Gran d\u2019aquest mes. Va assegurar que d\u2019aqu\u00ed a un any els resultats d\u2019aquests dos treballs seran visibles, per\u00f2 no vol avan\u00e7ar els esdeveniments de qu\u00e8 s\u2019acabar\u00e0 fent finalment, ni de si s\u2019optar\u00e0 per descobrir la font.<\/p>\n<audio class=\"wp-audio-shortcode\" id=\"audio-10261-1\" preload=\"none\" style=\"width: 100%;\" controls=\"controls\"><source type=\"audio\/mpeg\" src=\"http:\/\/santpedor.net\/radio\/wp-content\/uploads\/2017\/05\/Illa_font.mp3?_=1\" \/><a href=\"http:\/\/santpedor.net\/radio\/wp-content\/uploads\/2017\/05\/Illa_font.mp3\">http:\/\/santpedor.net\/radio\/wp-content\/uploads\/2017\/05\/Illa_font.mp3<\/a><\/audio>\n<p>En el programa tamb\u00e9 vam fer balan\u00e7 de com van anar els pressupostos participatius, en qu\u00e8 van participar 283 persones (un 4\u201987% del cens). Per l\u2019oposici\u00f3 s\u2019han quedat molt curts. La regidora de Converg\u00e8ncia Roser Llobera s\u2019hi mostra decebuda.<\/p>\n<audio class=\"wp-audio-shortcode\" id=\"audio-10261-2\" preload=\"none\" style=\"width: 100%;\" controls=\"controls\"><source type=\"audio\/mpeg\" src=\"http:\/\/santpedor.net\/radio\/wp-content\/uploads\/2017\/05\/Roser_1.mp3?_=2\" \/><a href=\"http:\/\/santpedor.net\/radio\/wp-content\/uploads\/2017\/05\/Roser_1.mp3\">http:\/\/santpedor.net\/radio\/wp-content\/uploads\/2017\/05\/Roser_1.mp3<\/a><\/audio>\n<p>Tampoc n\u2019ha quedat satisfeta la portaveu de Progr\u00e9s Municipal, Fina Rodr\u00edguez, que creu que no es pot dir que els pressupostos hagin estat participatius perqu\u00e8 les entitats i els ve\u00efns no han pogut plantejar projectes perqu\u00e8 es votessin.<\/p>\n<audio class=\"wp-audio-shortcode\" id=\"audio-10261-3\" preload=\"none\" style=\"width: 100%;\" controls=\"controls\"><source type=\"audio\/mpeg\" src=\"http:\/\/santpedor.net\/radio\/wp-content\/uploads\/2017\/05\/Fina_1.mp3?_=3\" \/><a href=\"http:\/\/santpedor.net\/radio\/wp-content\/uploads\/2017\/05\/Fina_1.mp3\">http:\/\/santpedor.net\/radio\/wp-content\/uploads\/2017\/05\/Fina_1.mp3<\/a><\/audio>\n<p>El govern municipal d\u2019ERC recorda que la votaci\u00f3 d\u2019aquest any va ser una prova pilot, i que a partir d\u2019aquesta experi\u00e8ncia en milloraran el sistema de cara a l\u2019any que ve. Ho replicava Josep Illa.<\/p>\n<audio class=\"wp-audio-shortcode\" id=\"audio-10261-4\" preload=\"none\" style=\"width: 100%;\" controls=\"controls\"><source type=\"audio\/mpeg\" src=\"http:\/\/santpedor.net\/radio\/wp-content\/uploads\/2017\/05\/Illa_pressup_1.mp3?_=4\" \/><a href=\"http:\/\/santpedor.net\/radio\/wp-content\/uploads\/2017\/05\/Illa_pressup_1.mp3\">http:\/\/santpedor.net\/radio\/wp-content\/uploads\/2017\/05\/Illa_pressup_1.mp3<\/a><\/audio>\n<p>En el Pla\u00e7a Gran tamb\u00e9 hi va participar la regidora d\u2019Hisenda, Judit Raja, que va explicar la liquidaci\u00f3 del pressupost del 2016 que es va aprovar en el ple d\u2019aquest mes. Pots escoltar el programa sencer d\u2019aquest m\u00e9s aqu\u00ed:<\/p>\n<p><iframe id='audio_18915879' frameborder='0' allowfullscreen='' scrolling='no' height='200' src='http:\/\/www.ivoox.com\/player_ej_18915879_4_1.html?c1=828282' style='border:1px solid #EEE; box-sizing:border-box; width:100%;'><\/iframe><\/p>\n","protected":false},"excerpt":{"rendered":"<p>L\u2019Ajuntament t\u00e9 previst encarregar dos treballs a la Font de les Escales, l\u2019opci\u00f3 guanyadora dels pressupostos participatius d\u2019aquest 2017 i a la qual s\u2019hi destinaran 20.000 euros. El primer \u00e9s una prospecci\u00f3 arqueol\u00f2gica per avan\u00e7ar a zones inexplorades i veure fins a on arriba la mina d\u2019aigua, que es va poder visitar fa uns dies [&hellip;]<\/p>\n","protected":false},"author":6,"featured_media":10266,"comment_status":"open","ping_status":"closed","sticky":false,"template":"","format":"standard","meta":{"footnotes":""},"categories":[3,356,535,137],"tags":[7,840,96,409,113,865],"class_list":{"0":"post-10261","1":"post","2":"type-post","3":"status-publish","4":"format-standard","5":"has-post-thumbnail","7":"category-noticies","8":"category-placa-gran","9":"category-programes","10":"category-societat","11":"tag-ajuntament","12":"tag-font-de-les-escales","13":"tag-placa-gran","14":"tag-ple-municipal","15":"tag-santpedor","16":"tag-santpedor-en-flor"},"_links":{"self":[{"href":"https:\/\/santpedor.net\/radio\/wp-json\/wp\/v2\/posts\/10261","targetHints":{"allow":["GET"]}}],"collection":[{"href":"https:\/\/santpedor.net\/radio\/wp-json\/wp\/v2\/posts"}],"about":[{"href":"https:\/\/santpedor.net\/radio\/wp-json\/wp\/v2\/types\/post"}],"author":[{"embeddable":true,"href":"https:\/\/santpedor.net\/radio\/wp-json\/wp\/v2\/users\/6"}],"replies":[{"embeddable":true,"href":"https:\/\/santpedor.net\/radio\/wp-json\/wp\/v2\/comments?post=10261"}],"version-history":[{"count":0,"href":"https:\/\/santpedor.net\/radio\/wp-json\/wp\/v2\/posts\/10261\/revisions"}],"wp:featuredmedia":[{"embeddable":true,"href":"https:\/\/santpedor.net\/radio\/wp-json\/wp\/v2\/media\/10266"}],"wp:attachment":[{"href":"https:\/\/santpedor.net\/radio\/wp-json\/wp\/v2\/media?parent=10261"}],"wp:term":[{"taxonomy":"category","embeddable":true,"href":"https:\/\/santpedor.net\/radio\/wp-json\/wp\/v2\/categories?post=10261"},{"taxonomy":"post_tag","embeddable":true,"href":"https:\/\/santpedor.net\/radio\/wp-json\/wp\/v2\/tags?post=10261"}],"curies":[{"name":"wp","href":"https:\/\/api.w.org\/{rel}","templated":true}]}}