{"id":10280,"date":"2017-05-31T13:42:55","date_gmt":"2017-05-31T11:42:55","guid":{"rendered":"http:\/\/santpedor.net\/radio\/?p=10280"},"modified":"2017-05-31T13:42:55","modified_gmt":"2017-05-31T11:42:55","slug":"surt-a-la-llum-el-video-promocional-de-la-festa-major-de-santpedor-2017","status":"publish","type":"post","link":"https:\/\/santpedor.net\/radio\/surt-a-la-llum-el-video-promocional-de-la-festa-major-de-santpedor-2017\/","title":{"rendered":"Surt a la llum el v\u00eddeo promocional de la Festa Major de Santpedor 2017"},"content":{"rendered":"<p>El Comissi\u00f3 de Penyes ha fet p\u00fablic avui el v\u00eddeo promocional de la Festa Major 2017 de Santpedor, amb l&#8217;etiqueta #Santpedor\u00e9sunaltrem\u00f3n . Un curtmetratge de poc menys d&#8217;un minut i mig realitzat per Klaus Studio en qu\u00e8 podem veure imatges de moments de festes majors anteriors intercalades amb altres gravacions promocionals de Festa Major. El v\u00eddeo reivindica la pres\u00e8ncia i la tasca de les penys del poble, que enguany seran fins a 53, r\u00e8cord absolut des que es van crear.<\/p>\n<p>La Festa Major de Santpedor donar\u00e0 el tret de sortida oficial dijous que ve, 8 de juny, amb l&#8217;empartxada, i proseguir\u00e0 al llarg de tot el cap de setmana fins el dilluns 12. 4 dies farcits d&#8217;activitats per tots els gustos i edats (podeu consultar el programa al web de l&#8217;Ajuntament de Santpedor).<\/p>\n<p><iframe loading=\"lazy\" src=\"https:\/\/www.youtube.com\/embed\/q7yn-0Ojj8A\" width=\"560\" height=\"315\" frameborder=\"0\" allowfullscreen=\"allowfullscreen\"><\/iframe><\/p>\n","protected":false},"excerpt":{"rendered":"<p>El Comissi\u00f3 de Penyes ha fet p\u00fablic avui el v\u00eddeo promocional de la Festa Major 2017 de Santpedor, amb l&#8217;etiqueta #Santpedor\u00e9sunaltrem\u00f3n . Un curtmetratge de poc menys d&#8217;un minut i mig realitzat per Klaus Studio en qu\u00e8 podem veure imatges de moments de festes majors anteriors intercalades amb altres gravacions promocionals de Festa Major. El [&hellip;]<\/p>\n","protected":false},"author":6,"featured_media":10281,"comment_status":"open","ping_status":"closed","sticky":false,"template":"","format":"standard","meta":{"footnotes":""},"categories":[236,3],"tags":[55,473,148,113],"class_list":{"0":"post-10280","1":"post","2":"type-post","3":"status-publish","4":"format-standard","5":"has-post-thumbnail","7":"category-entitats-i-cultura","8":"category-noticies","9":"tag-festa-major","10":"tag-festa-major-de-santpedor","11":"tag-penyes","12":"tag-santpedor"},"_links":{"self":[{"href":"https:\/\/santpedor.net\/radio\/wp-json\/wp\/v2\/posts\/10280","targetHints":{"allow":["GET"]}}],"collection":[{"href":"https:\/\/santpedor.net\/radio\/wp-json\/wp\/v2\/posts"}],"about":[{"href":"https:\/\/santpedor.net\/radio\/wp-json\/wp\/v2\/types\/post"}],"author":[{"embeddable":true,"href":"https:\/\/santpedor.net\/radio\/wp-json\/wp\/v2\/users\/6"}],"replies":[{"embeddable":true,"href":"https:\/\/santpedor.net\/radio\/wp-json\/wp\/v2\/comments?post=10280"}],"version-history":[{"count":0,"href":"https:\/\/santpedor.net\/radio\/wp-json\/wp\/v2\/posts\/10280\/revisions"}],"wp:featuredmedia":[{"embeddable":true,"href":"https:\/\/santpedor.net\/radio\/wp-json\/wp\/v2\/media\/10281"}],"wp:attachment":[{"href":"https:\/\/santpedor.net\/radio\/wp-json\/wp\/v2\/media?parent=10280"}],"wp:term":[{"taxonomy":"category","embeddable":true,"href":"https:\/\/santpedor.net\/radio\/wp-json\/wp\/v2\/categories?post=10280"},{"taxonomy":"post_tag","embeddable":true,"href":"https:\/\/santpedor.net\/radio\/wp-json\/wp\/v2\/tags?post=10280"}],"curies":[{"name":"wp","href":"https:\/\/api.w.org\/{rel}","templated":true}]}}