{"id":10300,"date":"2017-06-05T14:22:35","date_gmt":"2017-06-05T12:22:35","guid":{"rendered":"http:\/\/santpedor.net\/radio\/?p=10300"},"modified":"2017-06-05T19:29:42","modified_gmt":"2017-06-05T17:29:42","slug":"mor-el-santpedorenc-gabri-jodar-fundador-de-lunic-i-el-mamma-mia","status":"publish","type":"post","link":"https:\/\/santpedor.net\/radio\/mor-el-santpedorenc-gabri-jodar-fundador-de-lunic-i-el-mamma-mia\/","title":{"rendered":"Mor el santpedorenc Gabri Jodar, fundador de L&#8217;\u00danic i el Mamma Mia"},"content":{"rendered":"<p>Santpedor s&#8217;ha aixecat avui amb molta tristor despr\u00e9s de con\u00e8ixer la mort de Gabriel Jodar Rodellas, a l&#8217;edat de 38 anys. Nascut i viscut a Santpedor, gaireb\u00e9 tot el poble el coneixia perqu\u00e8 era una persona molt din\u00e1mica, social i amb iniciativa.\u00a0Amics d&#8217;ell\u00a0en parlen com una persona &#8220;molt alegre i positiva, tothom l&#8217;estimava&#8221;.\u00a0A Santpedor va fundar ara fa gaireb\u00e9 10 anys el pub L&#8217;\u00danic, al pol\u00edgon Santa Anna,\u00a0que va ser epicentre de l&#8217;oci nocturn al poble mentre va estar obert. M\u00e9s tard va obrir la sala de festes Mamma Mia, tamb\u00e9 al pol\u00edgon, on feia de DJ.\u00a0Tamb\u00e9 feia classes de Kick-Boxing (havia sigut campi\u00f3 en diferents categories) al gimn\u00e0s Sport Centre de Santpedor.<\/p>\n<p>La not\u00edcia ha sobtat molt a familiars i amics perqu\u00e8 no se li coneixien problemes m\u00e8dics. Sembla que hauria pogut patir un infart. El funeral ser\u00e0 dimecres a les 11h a la Parr\u00f2quia de Sant Pere de Santpedor. Des de R\u00e0dio Santpedor ens afegim al condol per la fam\u00edlia i amics del Gabri.<\/p>\n","protected":false},"excerpt":{"rendered":"<p>Santpedor s&#8217;ha aixecat avui amb molta tristor despr\u00e9s de con\u00e8ixer la mort de Gabriel Jodar Rodellas, a l&#8217;edat de 38 anys. Nascut i viscut a Santpedor, gaireb\u00e9 tot el poble el coneixia perqu\u00e8 era una persona molt din\u00e1mica, social i amb iniciativa.\u00a0Amics d&#8217;ell\u00a0en parlen com una persona &#8220;molt alegre i positiva, tothom l&#8217;estimava&#8221;.\u00a0A Santpedor va [&hellip;]<\/p>\n","protected":false},"author":2,"featured_media":10301,"comment_status":"open","ping_status":"closed","sticky":false,"template":"","format":"standard","meta":{"footnotes":""},"categories":[3,137],"tags":[904,905,113],"class_list":{"0":"post-10300","1":"post","2":"type-post","3":"status-publish","4":"format-standard","5":"has-post-thumbnail","7":"category-noticies","8":"category-societat","9":"tag-gabriel-jodar","10":"tag-mamma-mia","11":"tag-santpedor"},"_links":{"self":[{"href":"https:\/\/santpedor.net\/radio\/wp-json\/wp\/v2\/posts\/10300","targetHints":{"allow":["GET"]}}],"collection":[{"href":"https:\/\/santpedor.net\/radio\/wp-json\/wp\/v2\/posts"}],"about":[{"href":"https:\/\/santpedor.net\/radio\/wp-json\/wp\/v2\/types\/post"}],"author":[{"embeddable":true,"href":"https:\/\/santpedor.net\/radio\/wp-json\/wp\/v2\/users\/2"}],"replies":[{"embeddable":true,"href":"https:\/\/santpedor.net\/radio\/wp-json\/wp\/v2\/comments?post=10300"}],"version-history":[{"count":0,"href":"https:\/\/santpedor.net\/radio\/wp-json\/wp\/v2\/posts\/10300\/revisions"}],"wp:featuredmedia":[{"embeddable":true,"href":"https:\/\/santpedor.net\/radio\/wp-json\/wp\/v2\/media\/10301"}],"wp:attachment":[{"href":"https:\/\/santpedor.net\/radio\/wp-json\/wp\/v2\/media?parent=10300"}],"wp:term":[{"taxonomy":"category","embeddable":true,"href":"https:\/\/santpedor.net\/radio\/wp-json\/wp\/v2\/categories?post=10300"},{"taxonomy":"post_tag","embeddable":true,"href":"https:\/\/santpedor.net\/radio\/wp-json\/wp\/v2\/tags?post=10300"}],"curies":[{"name":"wp","href":"https:\/\/api.w.org\/{rel}","templated":true}]}}