{"id":10313,"date":"2017-06-06T11:30:57","date_gmt":"2017-06-06T09:30:57","guid":{"rendered":"http:\/\/santpedor.net\/radio\/?p=10313"},"modified":"2017-06-06T13:10:03","modified_gmt":"2017-06-06T11:10:03","slug":"lescola-la-serreta-de-santpedor-recull-mes-de-80-mobils-i-apadrina-un-ximpanze","status":"publish","type":"post","link":"https:\/\/santpedor.net\/radio\/lescola-la-serreta-de-santpedor-recull-mes-de-80-mobils-i-apadrina-un-ximpanze\/","title":{"rendered":"L\u2019escola La Serreta de Santpedor recull m\u00e9s de 80 m\u00f2bils i apadrina un ximpanz\u00e9"},"content":{"rendered":"<p>REDACCI\u00d3 | Una vintena de nens i la seva professora d\u2019angl\u00e8s de l\u2019escola la Serreta han recollit durant aquest trimestre m\u00e9s de 80 tel\u00e8fons m\u00f2bils en el marc de la campanya \u201cMobilitza\u2019t per la selva!\u201d que impulsa l\u2019Institut Jane Goodall. Els nens han repartit cartells entre els comer\u00e7os del poble, han fet presentacions a entitats i representants municipals i han aconseguit omplir una caixa de m\u00f2bils que ara lliuraran a aquest centre que treballa en la protecci\u00f3 dels ximpanz\u00e9s i goril\u00b7les a la Rep\u00fablica del Congo. La classe de 5\u00e8, els Abellerols tindr\u00e0 una recompensa, seran padrins durant tot un any d\u2019un ximpanz\u00e9.<\/p>\n<p>La idea es va gestar a l\u2019inici del darrer trimestre del curs. La professora d\u2019angl\u00e8s del centre, la M\u00f2nica Carrasco, va proposar als nens treballar en angl\u00e8s un problema concret. La figura de la Dra Jane Goodall, Missatge de la Pau de les Nacions Unides, Premi Pr\u00edncep d\u2019Ast\u00faries d\u2019Investigaci\u00f3 i Premi Internacional Catalunya 2015 va ser el reclam i especialment la feina de l\u2019associaci\u00f3 sense \u00e0nim de lucre que porta el seu nom. Aquesta entitat porta a terme la campanya \u201cMobilitza\u2019t per la selva\u201d que busca sensibilitzar d\u2019una problem\u00e0tica molt greu: la mineria il\u00b7legal que utilitza a la Rep\u00fablica del Congo m\u00e0 d\u2019obra infantil i que a m\u00e9s destrueix h\u00e0bitats d\u2019esp\u00e8cies com els ximpanz\u00e9s i\u00a0 goril\u00b7les, en greu perill per la desforestaci\u00f3 i la ca\u00e7a furtiva. Els nens, explica la mestra, es van quedar molt parats que un mineral com el coltan que s\u2019utilitza en els m\u00f2bils sigui un b\u00e9 preuat. I a partir d\u2019aquest treball previ, van posar en marxa la campanya de recollida de m\u00f2bils que t\u00e9 tres grans objectius: reutilitzar terminals i reduir la insostenible demanda dels seus components, reciclar elements \u00fatils i disposar adequadament dels materials t\u00f2xics evitant la contaminaci\u00f3 el medi, i recaptar fons per als programes d\u2019educaci\u00f3, de conservaci\u00f3 i desenvolupament sostenible en la conca del Congo i del Senegal.<\/p>\n<p><strong>P\u00f2sters a la biblioteca i als comer\u00e7os fets pels nens<\/strong><\/p>\n<p>I Santpedor s\u2019ha abocat amb la iniciativa. L\u2019entitat del 2&#215;2 ha lliurat m\u00e9s d\u2019una vintena de m\u00f2bils que es van fer servir en una activitat l\u00fadica el cap de setmana passat i que consistia en un llan\u00e7ament de m\u00f2bils com a acte previ de la festa major. Un responsable de l\u2019entitat, Antoni Puiggros, ha fet arribar els m\u00f2bils i ha conegut de primera m\u00e0 la iniciativa. Tamb\u00e9 des de la biblioteca han lliurat m\u00f2bils a la campanya. Per\u00f2 sobretot, el centre amb les seves fam\u00edlies s\u2019han abocat a una iniciativa que els nens s\u2019han fet seva.<\/p>\n<p>Aquesta setmana passada van explicar els resultats del projecte al regidor de Medi Ambient de l\u2019Ajuntament de Santpedor, Josep Illa. Els nens van fer una presentaci\u00f3 de la campanya, del perqu\u00e8 el coltan \u00e9s tan valu\u00f3s, de com afecta la mineria il\u00b7legal als nens i tamb\u00e9 als h\u00e0bitats naturals d\u2019esp\u00e8cies que ja de per s\u00ed, per la ca\u00e7a furtiva, per\u00f2 ara tamb\u00e9 per la desforestaci\u00f3, estan en perill. Illa va agrair la seva col\u00b7laboraci\u00f3 en la preservaci\u00f3 del medi ambient i en un projecte solidari com aquest.<\/p>\n<div id='gallery-1' class='gallery galleryid-10313 gallery-columns-2 gallery-size-medium'><figure class='gallery-item'>\n\t\t\t<div class='gallery-icon landscape'>\n\t\t\t\t<a href='https:\/\/santpedor.net\/radio\/lescola-la-serreta-de-santpedor-recull-mes-de-80-mobils-i-apadrina-un-ximpanze\/classe-de-5e-de-lescola-la-serreta2\/'><img loading=\"lazy\" decoding=\"async\" width=\"300\" height=\"225\" src=\"https:\/\/santpedor.net\/radio\/wp-content\/uploads\/2017\/06\/Classe-de-5\u00e8-de-lescola-la-Serreta2-300x225.jpg\" class=\"attachment-medium size-medium\" alt=\"\" srcset=\"https:\/\/santpedor.net\/radio\/wp-content\/uploads\/2017\/06\/Classe-de-5\u00e8-de-lescola-la-Serreta2-300x225.jpg 300w, https:\/\/santpedor.net\/radio\/wp-content\/uploads\/2017\/06\/Classe-de-5\u00e8-de-lescola-la-Serreta2-768x576.jpg 768w, https:\/\/santpedor.net\/radio\/wp-content\/uploads\/2017\/06\/Classe-de-5\u00e8-de-lescola-la-Serreta2.jpg 1024w, https:\/\/santpedor.net\/radio\/wp-content\/uploads\/2017\/06\/Classe-de-5\u00e8-de-lescola-la-Serreta2-80x60.jpg 80w, https:\/\/santpedor.net\/radio\/wp-content\/uploads\/2017\/06\/Classe-de-5\u00e8-de-lescola-la-Serreta2-265x198.jpg 265w, https:\/\/santpedor.net\/radio\/wp-content\/uploads\/2017\/06\/Classe-de-5\u00e8-de-lescola-la-Serreta2-696x522.jpg 696w, https:\/\/santpedor.net\/radio\/wp-content\/uploads\/2017\/06\/Classe-de-5\u00e8-de-lescola-la-Serreta2-1068x801.jpg 1068w, https:\/\/santpedor.net\/radio\/wp-content\/uploads\/2017\/06\/Classe-de-5\u00e8-de-lescola-la-Serreta2-560x420.jpg 560w\" sizes=\"auto, (max-width: 300px) 100vw, 300px\" \/><\/a>\n\t\t\t<\/div><\/figure><figure class='gallery-item'>\n\t\t\t<div class='gallery-icon landscape'>\n\t\t\t\t<a href='https:\/\/santpedor.net\/radio\/lescola-la-serreta-de-santpedor-recull-mes-de-80-mobils-i-apadrina-un-ximpanze\/mural-de-la-classe-de-5e-de-la-serreta\/'><img loading=\"lazy\" decoding=\"async\" width=\"300\" height=\"225\" src=\"https:\/\/santpedor.net\/radio\/wp-content\/uploads\/2017\/06\/Mural-de-la-classe-de-5\u00e8-de-La-Serreta-300x225.jpg\" class=\"attachment-medium size-medium\" alt=\"\" srcset=\"https:\/\/santpedor.net\/radio\/wp-content\/uploads\/2017\/06\/Mural-de-la-classe-de-5\u00e8-de-La-Serreta-300x225.jpg 300w, https:\/\/santpedor.net\/radio\/wp-content\/uploads\/2017\/06\/Mural-de-la-classe-de-5\u00e8-de-La-Serreta-768x576.jpg 768w, https:\/\/santpedor.net\/radio\/wp-content\/uploads\/2017\/06\/Mural-de-la-classe-de-5\u00e8-de-La-Serreta.jpg 1024w, https:\/\/santpedor.net\/radio\/wp-content\/uploads\/2017\/06\/Mural-de-la-classe-de-5\u00e8-de-La-Serreta-80x60.jpg 80w, https:\/\/santpedor.net\/radio\/wp-content\/uploads\/2017\/06\/Mural-de-la-classe-de-5\u00e8-de-La-Serreta-265x198.jpg 265w, https:\/\/santpedor.net\/radio\/wp-content\/uploads\/2017\/06\/Mural-de-la-classe-de-5\u00e8-de-La-Serreta-696x522.jpg 696w, https:\/\/santpedor.net\/radio\/wp-content\/uploads\/2017\/06\/Mural-de-la-classe-de-5\u00e8-de-La-Serreta-1068x801.jpg 1068w, https:\/\/santpedor.net\/radio\/wp-content\/uploads\/2017\/06\/Mural-de-la-classe-de-5\u00e8-de-La-Serreta-560x420.jpg 560w\" sizes=\"auto, (max-width: 300px) 100vw, 300px\" \/><\/a>\n\t\t\t<\/div><\/figure>\n\t\t<\/div>\n\n","protected":false},"excerpt":{"rendered":"<p>REDACCI\u00d3 | Una vintena de nens i la seva professora d\u2019angl\u00e8s de l\u2019escola la Serreta han recollit durant aquest trimestre m\u00e9s de 80 tel\u00e8fons m\u00f2bils en el marc de la campanya \u201cMobilitza\u2019t per la selva!\u201d que impulsa l\u2019Institut Jane Goodall. Els nens han repartit cartells entre els comer\u00e7os del poble, han fet presentacions a entitats [&hellip;]<\/p>\n","protected":false},"author":2,"featured_media":10314,"comment_status":"open","ping_status":"closed","sticky":false,"template":"","format":"standard","meta":{"footnotes":""},"categories":[3,137],"tags":[907,226,906],"class_list":{"0":"post-10313","1":"post","2":"type-post","3":"status-publish","4":"format-standard","5":"has-post-thumbnail","7":"category-noticies","8":"category-societat","9":"tag-jane-godall","10":"tag-la-serreta","11":"tag-ximpanze"},"_links":{"self":[{"href":"https:\/\/santpedor.net\/radio\/wp-json\/wp\/v2\/posts\/10313","targetHints":{"allow":["GET"]}}],"collection":[{"href":"https:\/\/santpedor.net\/radio\/wp-json\/wp\/v2\/posts"}],"about":[{"href":"https:\/\/santpedor.net\/radio\/wp-json\/wp\/v2\/types\/post"}],"author":[{"embeddable":true,"href":"https:\/\/santpedor.net\/radio\/wp-json\/wp\/v2\/users\/2"}],"replies":[{"embeddable":true,"href":"https:\/\/santpedor.net\/radio\/wp-json\/wp\/v2\/comments?post=10313"}],"version-history":[{"count":0,"href":"https:\/\/santpedor.net\/radio\/wp-json\/wp\/v2\/posts\/10313\/revisions"}],"wp:featuredmedia":[{"embeddable":true,"href":"https:\/\/santpedor.net\/radio\/wp-json\/wp\/v2\/media\/10314"}],"wp:attachment":[{"href":"https:\/\/santpedor.net\/radio\/wp-json\/wp\/v2\/media?parent=10313"}],"wp:term":[{"taxonomy":"category","embeddable":true,"href":"https:\/\/santpedor.net\/radio\/wp-json\/wp\/v2\/categories?post=10313"},{"taxonomy":"post_tag","embeddable":true,"href":"https:\/\/santpedor.net\/radio\/wp-json\/wp\/v2\/tags?post=10313"}],"curies":[{"name":"wp","href":"https:\/\/api.w.org\/{rel}","templated":true}]}}