{"id":10334,"date":"2017-06-14T14:12:59","date_gmt":"2017-06-14T12:12:59","guid":{"rendered":"http:\/\/santpedor.net\/radio\/?p=10334"},"modified":"2017-06-14T15:37:34","modified_gmt":"2017-06-14T13:37:34","slug":"la-cup-santpedor-demana-al-ple-que-lajuntament-municipalitzi-els-gallarets","status":"publish","type":"post","link":"https:\/\/santpedor.net\/radio\/la-cup-santpedor-demana-al-ple-que-lajuntament-municipalitzi-els-gallarets\/","title":{"rendered":"La CUP Santpedor demana al ple que l&#8217;Ajuntament municipalitzi els Gallarets"},"content":{"rendered":"<p>El grup de suport a les CUP de Santpedor va compar\u00e8ixer ahir al ple municipal per demanar a l&#8217;equip de govern, en el torn de preguntes, que municipalitzi la gesti\u00f3 de l&#8217;escola bressol Els Gallarets. Consideren que aix\u00ed s&#8217;optimitzaria la prestaci\u00f3 d&#8217;aquest servei municipal, que creuen que externalitzant-lo: &#8220;l\u2019administraci\u00f3 es desent\u00e9n de la responsabilitat pol\u00edtica que comporta la gesti\u00f3 p\u00fablica. Es trasllada l&#8217;esfor\u00e7 p\u00fablic de la inversi\u00f3 cap al benefici de l\u2019empresa privada. \u00c9s perd transpar\u00e8ncia i participaci\u00f3. Es precaritzen les condicions laborals de la plantilla. Es faciliten les portes girat\u00f2ries. Es propicia la corrupci\u00f3. El servei perd qualitat i s\u2019encareix.&#8221;<\/p>\n<p>Per explicar la seva postura, la CUP va posar sobre la taula uns informes elaborats amb les dades dels \u00faltims 4 anys de concessi\u00f3 al centre, en qu\u00e8 detecta &#8220;possibles defici\u00e8ncies&#8221;: Una ocupaci\u00f3 que no ha superat mai el 50% al llarg d&#8217;aquests 4 anys, alguns cursos &#8220;amb menys professionals del qu\u00e8 marca la llei&#8221;, i suposades incoher\u00e8ncies en la demanda d&#8217;una subvenci\u00f3 de la Diputaci\u00f3 de Barcelona que atorga 875\u20ac anuals per alumne matriculat amb jornada sencera (de 5 hores). I que segons van indicar els cupaires, tot i que tots els alumnes sempre s&#8217;han matriculat per aquest m\u00ednim de 5 hores, l&#8217;Ajuntament ha demanat subvencions per jornades inferiors a 5 hores, deixant d&#8217;optar a subvencions que haurien suposat 87.220 euros extra.<\/p>\n<p>Aix\u00ed va demanar una portaveu del grup, Queralt Casta\u00f1ares, la municipalitzaci\u00f3 dels Gallarets i solucionar el tema de les subvencions:<\/p>\n<audio class=\"wp-audio-shortcode\" id=\"audio-10334-1\" preload=\"none\" style=\"width: 100%;\" controls=\"controls\"><source type=\"audio\/mpeg\" src=\"http:\/\/santpedor.net\/radio\/wp-content\/uploads\/2017\/06\/T-Queralt-gallarets.mp3?_=1\" \/><a href=\"http:\/\/santpedor.net\/radio\/wp-content\/uploads\/2017\/06\/T-Queralt-gallarets.mp3\">http:\/\/santpedor.net\/radio\/wp-content\/uploads\/2017\/06\/T-Queralt-gallarets.mp3<\/a><\/audio>\n<p>Des de l&#8217;equip de govern, per altra banda, el regidor d&#8217;Educaci\u00f3, Agust\u00ed Comas, va parlar de la &#8220;l\u00ednia pol\u00edtica&#8221; que segueix ERC en aquest aspecte i que no inclou cap municipalitzaci\u00f3. A m\u00e9s, va matisar que una concessi\u00f3 no t\u00e9 perqu\u00e8 suposar &#8220;portes girat\u00f2ries ni corrupci\u00f3&#8221; i va explicar que la baixa ocupaci\u00f3 dels \u00faltims anys a l&#8217;escola bressol pot venir motivada per &#8220;la baixada de la natalitat i la crisi, m\u00e9s que no pas defici\u00e8ncies en la gesti\u00f3&#8221;.<\/p>\n<audio class=\"wp-audio-shortcode\" id=\"audio-10334-2\" preload=\"none\" style=\"width: 100%;\" controls=\"controls\"><source type=\"audio\/mpeg\" src=\"http:\/\/santpedor.net\/radio\/wp-content\/uploads\/2017\/06\/T-Agusti-Comas-gallarets.mp3?_=2\" \/><a href=\"http:\/\/santpedor.net\/radio\/wp-content\/uploads\/2017\/06\/T-Agusti-Comas-gallarets.mp3\">http:\/\/santpedor.net\/radio\/wp-content\/uploads\/2017\/06\/T-Agusti-Comas-gallarets.mp3<\/a><\/audio>\n<p>Comas va recollir el guant pel qu\u00e8 fa a estudiar el tema de les subvencions per\u00f2 es vas mostrar fred amb la proposta de municipalitzaci\u00f3. Assegura que a falta de dos mesos perqu\u00e8 finalitzi la concessi\u00f3 a l&#8217;empresa que gestiona els Gallarets -el proper 31 d&#8217;agost-, no hi ha temps per engegar i fer efectiu un proc\u00e9s de municipalitzaci\u00f3 pel curs vinent que comen\u00e7a al setembre.<\/p>\n<p>Amb tot, des de la CUP destaquen que les reunions amb tots els grups pol\u00edtics per plantejar aquesta opci\u00f3 van comen\u00e7ar al novembre de 2016, subratllant que \u00e9s una q\u00fcesti\u00f3 de voluntat. A m\u00e9s, critiquen l&#8217;equip de govern &#8220;per no voler assistir a l&#8217;\u00faltima reuni\u00f3 de fa dues setmanes&#8221;.<\/p>\n<p>PDeCAT i Progr\u00e9s Municipal, partits a l&#8217;oposici\u00f3 i que tamb\u00e9 han sigut presents en les diferents reunions, van destacar al ple la minuciositat de la feina elaborada per la CUP i es van mostrar interessats en estudiar la proposta.<\/p>\n","protected":false},"excerpt":{"rendered":"<p>El grup de suport a les CUP de Santpedor va compar\u00e8ixer ahir al ple municipal per demanar a l&#8217;equip de govern, en el torn de preguntes, que municipalitzi la gesti\u00f3 de l&#8217;escola bressol Els Gallarets. Consideren que aix\u00ed s&#8217;optimitzaria la prestaci\u00f3 d&#8217;aquest servei municipal, que creuen que externalitzant-lo: &#8220;l\u2019administraci\u00f3 es desent\u00e9n de la responsabilitat pol\u00edtica [&hellip;]<\/p>\n","protected":false},"author":6,"featured_media":10335,"comment_status":"open","ping_status":"closed","sticky":false,"template":"","format":"standard","meta":{"footnotes":""},"categories":[3,137],"tags":[7,319,912,21,911,753,600],"class_list":{"0":"post-10334","1":"post","2":"type-post","3":"status-publish","4":"format-standard","5":"has-post-thumbnail","7":"category-noticies","8":"category-societat","9":"tag-ajuntament","10":"tag-cup-santpedor","11":"tag-els-gallarets","12":"tag-erc","13":"tag-municipalitazcio","14":"tag-pdecat","15":"tag-pm"},"_links":{"self":[{"href":"https:\/\/santpedor.net\/radio\/wp-json\/wp\/v2\/posts\/10334","targetHints":{"allow":["GET"]}}],"collection":[{"href":"https:\/\/santpedor.net\/radio\/wp-json\/wp\/v2\/posts"}],"about":[{"href":"https:\/\/santpedor.net\/radio\/wp-json\/wp\/v2\/types\/post"}],"author":[{"embeddable":true,"href":"https:\/\/santpedor.net\/radio\/wp-json\/wp\/v2\/users\/6"}],"replies":[{"embeddable":true,"href":"https:\/\/santpedor.net\/radio\/wp-json\/wp\/v2\/comments?post=10334"}],"version-history":[{"count":0,"href":"https:\/\/santpedor.net\/radio\/wp-json\/wp\/v2\/posts\/10334\/revisions"}],"wp:featuredmedia":[{"embeddable":true,"href":"https:\/\/santpedor.net\/radio\/wp-json\/wp\/v2\/media\/10335"}],"wp:attachment":[{"href":"https:\/\/santpedor.net\/radio\/wp-json\/wp\/v2\/media?parent=10334"}],"wp:term":[{"taxonomy":"category","embeddable":true,"href":"https:\/\/santpedor.net\/radio\/wp-json\/wp\/v2\/categories?post=10334"},{"taxonomy":"post_tag","embeddable":true,"href":"https:\/\/santpedor.net\/radio\/wp-json\/wp\/v2\/tags?post=10334"}],"curies":[{"name":"wp","href":"https:\/\/api.w.org\/{rel}","templated":true}]}}