{"id":10341,"date":"2017-06-15T18:07:30","date_gmt":"2017-06-15T16:07:30","guid":{"rendered":"http:\/\/santpedor.net\/radio\/?p=10341"},"modified":"2017-06-15T18:12:53","modified_gmt":"2017-06-15T16:12:53","slug":"lateneu-popular-ca-la-teia-demana-suport-a-lajuntament-de-santpedor-per-afrontar-el-seu-judici","status":"publish","type":"post","link":"https:\/\/santpedor.net\/radio\/lateneu-popular-ca-la-teia-demana-suport-a-lajuntament-de-santpedor-per-afrontar-el-seu-judici\/","title":{"rendered":"L&#8217;Ateneu Popular Ca la Teia demana suport a l&#8217;Ajuntament de Santpedor per afrontar el seu judici"},"content":{"rendered":"<p>Una vintena de membres de l&#8217;Ateneu Popular Ca la Teia de Santpedor van ser presents al ple municipal de juny per demanar, en el torn de preguntes, que l&#8217;equip de govern reconegui que l&#8217;activitat de Ca la Teia contribueix a la dinamitzaci\u00f3 social del poble i que es posicioni a favor d&#8217;una soluci\u00f3 dialogada al conflicte amb els propietaris de l&#8217;immoble.<\/p>\n<p>I \u00e9s que Ca la Teia ha de fer front ara<a href=\"http:\/\/santpedor.net\/radio\/lateneu-popular-ca-teia-denunciat-ocupar-propietat-privada\/\"> al judici<\/a> que es va apla\u00e7ar l&#8217;any passat. Aleshores el gestor del concurs de creditors de l&#8217;empresa propiet\u00e0ria de l&#8217;immoble va interposar una den\u00fancia contra l&#8217;Ateneu per ocupar un edifici del carrer Convent, que es va acabar apla\u00e7ant fins un any m\u00e9s tard, <strong>en concret aquest dimarts 27 de juny<\/strong>.<\/p>\n<p>Joan Manubens i Anna Perarnau, exercint de portaveu del col\u00b7lectiu, van recalcar en el ple la tasca en benefici del teixit social i cultural que es porta a terme des de Ca la Teia. I <strong>van demanar que l&#8217;Ajuntament reconegu\u00e9s expl\u00edcitament aquesta funci\u00f3 i es posicion\u00e9s a favor d&#8217;una soluci\u00f3 pactada que beneficii a totes les parts<\/strong>. Per aix\u00f2 van apuntar que l&#8217;equip de govern exerc\u00eds de moderador en el conflicte. Aix\u00ed ho va expressar Anna Perarnau:<\/p>\n<audio class=\"wp-audio-shortcode\" id=\"audio-10341-1\" preload=\"none\" style=\"width: 100%;\" controls=\"controls\"><source type=\"audio\/mpeg\" src=\"http:\/\/santpedor.net\/radio\/wp-content\/uploads\/2017\/06\/T-Joan-Manubens-i-Anna-Perearnau-ateneu.mp3?_=1\" \/><a href=\"http:\/\/santpedor.net\/radio\/wp-content\/uploads\/2017\/06\/T-Joan-Manubens-i-Anna-Perearnau-ateneu.mp3\">http:\/\/santpedor.net\/radio\/wp-content\/uploads\/2017\/06\/T-Joan-Manubens-i-Anna-Perearnau-ateneu.mp3<\/a><\/audio>\n<p>La resposta de l&#8217;alcalde, Xavier Codina, va ser de suport. Va titllar de &#8220;desagradable&#8221; la situaci\u00f3 i va destacar <strong>la tasca de l&#8217;Ateneu rehabilitant un local en des\u00fas i dinamitzant el poble amb activitats<\/strong> per tothom. De fet va explicar que m\u00e9s d&#8217;una vegada, ell i altres regidors de l&#8217;Ajuntament han participat d&#8217;alguna de les activitats organitzades pel col\u00b7lectiu:<\/p>\n<audio class=\"wp-audio-shortcode\" id=\"audio-10341-2\" preload=\"none\" style=\"width: 100%;\" controls=\"controls\"><source type=\"audio\/mpeg\" src=\"http:\/\/santpedor.net\/radio\/wp-content\/uploads\/2017\/06\/T-Xavier-Codina-ateneu.mp3?_=2\" \/><a href=\"http:\/\/santpedor.net\/radio\/wp-content\/uploads\/2017\/06\/T-Xavier-Codina-ateneu.mp3\">http:\/\/santpedor.net\/radio\/wp-content\/uploads\/2017\/06\/T-Xavier-Codina-ateneu.mp3<\/a><\/audio>\n<p>Codina va empla\u00e7ar representants de Ca la Teia a reunir-se amb ella de cara a la setmana que ve -una reuni\u00f3 que ja t\u00e9 data, dimarts 20 de juny- per buscar plegats una soluci\u00f3 al conflicte. En el propi ple, l&#8217;alcalde ja va apuntar que Santpedor tindr\u00e0 enllestides aviat infraestructures com la Nau, que podrien encabir entitats que avui dia tenen la seva seu a l&#8217;edifici ocupat de Ca la Teia.<\/p>\n<p><strong>Ca la Teia<\/strong><\/p>\n<p>L&#8217;Ateneu Popular Ca la Teia va n\u00e9ixer al maig de 2015 impulsat per col\u00b7lectius i individuals del poble que buscaven un espai que els serv\u00eds de plataforma per desenvolupar activitats socials i culturals obertes al poble. Despr\u00e9s de negociacions infructuoses amb l&#8217;Ajuntament van decidir ocupar l&#8217;edifici del carrer Convent -davant l&#8217;Auditori- on abans hi havia la botiga d&#8217;animals, abandonat des de 2002. A dia d&#8217;avui en formen part desenes de persones i tamb\u00e9 serveix de local per fins a vuit entitats del poble: la cooperativa de consum La Granera, l&#8217;esplai Geps, la colla bastonera Picarols, la coral Cor de Teies, la CUP Santpedor, l&#8217;assemblea de joves El Graner, els Bous de Foc, i les Gralleres. Tots ells organitzen tot tipus d&#8217;activitats de forma peri\u00f2dica com concerts, xerrades, tardes de cine, tallers, i un llarg etc\u00e8tera d&#8217;iniciatives.<\/p>\n","protected":false},"excerpt":{"rendered":"<p>Una vintena de membres de l&#8217;Ateneu Popular Ca la Teia de Santpedor van ser presents al ple municipal de juny per demanar, en el torn de preguntes, que l&#8217;equip de govern reconegui que l&#8217;activitat de Ca la Teia contribueix a la dinamitzaci\u00f3 social del poble i que es posicioni a favor d&#8217;una soluci\u00f3 dialogada al [&hellip;]<\/p>\n","protected":false},"author":6,"featured_media":10342,"comment_status":"open","ping_status":"closed","sticky":false,"template":"","format":"standard","meta":{"footnotes":""},"categories":[3,137],"tags":[7,914,235,915,113,20],"class_list":{"0":"post-10341","1":"post","2":"type-post","3":"status-publish","4":"format-standard","5":"has-post-thumbnail","7":"category-noticies","8":"category-societat","9":"tag-ajuntament","10":"tag-ateneu-popular","11":"tag-ca-la-teia","12":"tag-ocupes","13":"tag-santpedor","14":"tag-xavier-codina"},"_links":{"self":[{"href":"https:\/\/santpedor.net\/radio\/wp-json\/wp\/v2\/posts\/10341","targetHints":{"allow":["GET"]}}],"collection":[{"href":"https:\/\/santpedor.net\/radio\/wp-json\/wp\/v2\/posts"}],"about":[{"href":"https:\/\/santpedor.net\/radio\/wp-json\/wp\/v2\/types\/post"}],"author":[{"embeddable":true,"href":"https:\/\/santpedor.net\/radio\/wp-json\/wp\/v2\/users\/6"}],"replies":[{"embeddable":true,"href":"https:\/\/santpedor.net\/radio\/wp-json\/wp\/v2\/comments?post=10341"}],"version-history":[{"count":0,"href":"https:\/\/santpedor.net\/radio\/wp-json\/wp\/v2\/posts\/10341\/revisions"}],"wp:featuredmedia":[{"embeddable":true,"href":"https:\/\/santpedor.net\/radio\/wp-json\/wp\/v2\/media\/10342"}],"wp:attachment":[{"href":"https:\/\/santpedor.net\/radio\/wp-json\/wp\/v2\/media?parent=10341"}],"wp:term":[{"taxonomy":"category","embeddable":true,"href":"https:\/\/santpedor.net\/radio\/wp-json\/wp\/v2\/categories?post=10341"},{"taxonomy":"post_tag","embeddable":true,"href":"https:\/\/santpedor.net\/radio\/wp-json\/wp\/v2\/tags?post=10341"}],"curies":[{"name":"wp","href":"https:\/\/api.w.org\/{rel}","templated":true}]}}