{"id":10355,"date":"2017-06-17T01:50:06","date_gmt":"2017-06-16T23:50:06","guid":{"rendered":"http:\/\/santpedor.net\/radio\/?p=10355"},"modified":"2017-06-17T01:50:06","modified_gmt":"2017-06-16T23:50:06","slug":"especial-placa-gran-dequador-de-legislatura-amb-els-portaveus-dels-partits-santepdorencs","status":"publish","type":"post","link":"https:\/\/santpedor.net\/radio\/especial-placa-gran-dequador-de-legislatura-amb-els-portaveus-dels-partits-santepdorencs\/","title":{"rendered":"Especial &#8216;Pla\u00e7a Gran&#8217; d&#8217;equador de legislatura amb els portaveus dels partits santepdorencs"},"content":{"rendered":"<p>Xavier Codina, com a alcalde i n\u00famero u d&#8217;ERC Santpedor, Toni Puiggr\u00f2s com a portaveu de PDeCAT Santpedor, i Fina Rodr\u00edguez com cap de llist per Progr\u00e9s Municipal, seuran plegats als estudis de R\u00e0dio Santpedor per debatre sobre els dos primers anys de legislatura. Aix\u00f2 ser\u00e0 el diumenge 18 de juny a les 13h, en directe pel 90.0FM de R\u00e0dio Santpedor, coincidint -o gaireb\u00e9- amb l&#8217;aniversari dels dos anys de la presa de possessi\u00f3 de Xavier Codina com a alcalde.<\/p>\n<p>L&#8217;encarregat de conduir el debat ser\u00e0 el presentador habitual del programa &#8216;Pla\u00e7a Gran&#8217; i cap de pol\u00edtica a RAC1, Marc Mart\u00ednez Amat, que guiar\u00e0 els tres representants municipals pels temes m\u00e9s candents del poble. El Mirador de Montserrat, les empreses dels pol\u00edgons, les entitats, infraestructures com el paller, la Nau o Cal Clarass\u00f3, la resid\u00e8ncia Can Jorba&#8230; aquests i d&#8217;altres temes seran presents en aquest programa especial de mig mandat que servir\u00e0 tant per fer balan\u00e7 dels dos primers anys de Xavi Codina com a alcalde i el seu equip de govern, com per fer una llambregada als dos anys de legislatura que queden per endavant i la manera com els enfocaran els partits pol\u00edtics de Santpedor.<\/p>\n","protected":false},"excerpt":{"rendered":"<p>Xavier Codina, com a alcalde i n\u00famero u d&#8217;ERC Santpedor, Toni Puiggr\u00f2s com a portaveu de PDeCAT Santpedor, i Fina Rodr\u00edguez com cap de llist per Progr\u00e9s Municipal, seuran plegats als estudis de R\u00e0dio Santpedor per debatre sobre els dos primers anys de legislatura. Aix\u00f2 ser\u00e0 el diumenge 18 de juny a les 13h, en [&hellip;]<\/p>\n","protected":false},"author":6,"featured_media":10356,"comment_status":"open","ping_status":"closed","sticky":false,"template":"","format":"standard","meta":{"footnotes":""},"categories":[3,137],"tags":[7,21,95,36,753,96,600,113,918,20],"class_list":{"0":"post-10355","1":"post","2":"type-post","3":"status-publish","4":"format-standard","5":"has-post-thumbnail","7":"category-noticies","8":"category-societat","9":"tag-ajuntament","10":"tag-erc","11":"tag-fina-rodriguez","12":"tag-marc-martinez-amat","13":"tag-pdecat","14":"tag-placa-gran","15":"tag-pm","16":"tag-santpedor","17":"tag-toni-puiggros","18":"tag-xavier-codina"},"_links":{"self":[{"href":"https:\/\/santpedor.net\/radio\/wp-json\/wp\/v2\/posts\/10355","targetHints":{"allow":["GET"]}}],"collection":[{"href":"https:\/\/santpedor.net\/radio\/wp-json\/wp\/v2\/posts"}],"about":[{"href":"https:\/\/santpedor.net\/radio\/wp-json\/wp\/v2\/types\/post"}],"author":[{"embeddable":true,"href":"https:\/\/santpedor.net\/radio\/wp-json\/wp\/v2\/users\/6"}],"replies":[{"embeddable":true,"href":"https:\/\/santpedor.net\/radio\/wp-json\/wp\/v2\/comments?post=10355"}],"version-history":[{"count":0,"href":"https:\/\/santpedor.net\/radio\/wp-json\/wp\/v2\/posts\/10355\/revisions"}],"wp:featuredmedia":[{"embeddable":true,"href":"https:\/\/santpedor.net\/radio\/wp-json\/wp\/v2\/media\/10356"}],"wp:attachment":[{"href":"https:\/\/santpedor.net\/radio\/wp-json\/wp\/v2\/media?parent=10355"}],"wp:term":[{"taxonomy":"category","embeddable":true,"href":"https:\/\/santpedor.net\/radio\/wp-json\/wp\/v2\/categories?post=10355"},{"taxonomy":"post_tag","embeddable":true,"href":"https:\/\/santpedor.net\/radio\/wp-json\/wp\/v2\/tags?post=10355"}],"curies":[{"name":"wp","href":"https:\/\/api.w.org\/{rel}","templated":true}]}}