{"id":10367,"date":"2017-06-22T19:06:31","date_gmt":"2017-06-22T17:06:31","guid":{"rendered":"http:\/\/santpedor.net\/radio\/?p=10367"},"modified":"2017-06-22T19:08:39","modified_gmt":"2017-06-22T17:08:39","slug":"el-foc-de-sant-fruitos-collapsa-els-accessos-a-santpedor","status":"publish","type":"post","link":"https:\/\/santpedor.net\/radio\/el-foc-de-sant-fruitos-collapsa-els-accessos-a-santpedor\/","title":{"rendered":"El foc de Sant Fruit\u00f3s col\u00b7lapsa els accessos a Santpedor"},"content":{"rendered":"<p>L&#8217;incendi originat aquesta tarda a Sant Fruit\u00f3s de Bages ha obligat a tallar els accessos a aquesta poblaci\u00f3. Principalment l&#8217;eix transversal i la C-16. La situaci\u00f3 ha generat un emb\u00fas molt important a totes les carreteres del voltant, afectant tamb\u00e9 l&#8217;acc\u00e9s a Santpedor. En l&#8217;entrada per Pineda, i tamb\u00e9 per Call\u00fas, hi ha un gran emb\u00fas de tr\u00e0nsit a hores d&#8217;ara. Val a dir, per\u00f2, que ja s&#8217;estan reobrint les carreteres i s&#8217;espera que la situaci\u00f3 recobri poc a poc la normalitat.<\/p>\n<p>L&#8217;incendi, per altra banda, est\u00e0 ja en fase de control per part dels bombers. Les 600 persones que han sigut evacuades del barri de la Rosaleda de Sant Fruit\u00f3s de Bages, i reubicades al pavell\u00f3 poliesportiu, ja estan tornant als seus domicilis.<\/p>\n<p>Santpedor ha col\u00b7laborat en les tasques d&#8217;extinci\u00f3 de l&#8217;incendi amb una dotaci\u00f3 de la policia local i membres de les ADF.<\/p>\n","protected":false},"excerpt":{"rendered":"<p>L&#8217;incendi originat aquesta tarda a Sant Fruit\u00f3s de Bages ha obligat a tallar els accessos a aquesta poblaci\u00f3. Principalment l&#8217;eix transversal i la C-16. La situaci\u00f3 ha generat un emb\u00fas molt important a totes les carreteres del voltant, afectant tamb\u00e9 l&#8217;acc\u00e9s a Santpedor. En l&#8217;entrada per Pineda, i tamb\u00e9 per Call\u00fas, hi ha un gran [&hellip;]<\/p>\n","protected":false},"author":6,"featured_media":10368,"comment_status":"open","ping_status":"closed","sticky":false,"template":"","format":"standard","meta":{"footnotes":""},"categories":[3,137],"tags":[909,274,343,61,28,113],"class_list":{"0":"post-10367","1":"post","2":"type-post","3":"status-publish","4":"format-standard","5":"has-post-thumbnail","7":"category-noticies","8":"category-societat","9":"tag-adf","10":"tag-bombers","11":"tag-foc","12":"tag-incendi","13":"tag-sant-fruitos-de-bages","14":"tag-santpedor"},"_links":{"self":[{"href":"https:\/\/santpedor.net\/radio\/wp-json\/wp\/v2\/posts\/10367","targetHints":{"allow":["GET"]}}],"collection":[{"href":"https:\/\/santpedor.net\/radio\/wp-json\/wp\/v2\/posts"}],"about":[{"href":"https:\/\/santpedor.net\/radio\/wp-json\/wp\/v2\/types\/post"}],"author":[{"embeddable":true,"href":"https:\/\/santpedor.net\/radio\/wp-json\/wp\/v2\/users\/6"}],"replies":[{"embeddable":true,"href":"https:\/\/santpedor.net\/radio\/wp-json\/wp\/v2\/comments?post=10367"}],"version-history":[{"count":0,"href":"https:\/\/santpedor.net\/radio\/wp-json\/wp\/v2\/posts\/10367\/revisions"}],"wp:featuredmedia":[{"embeddable":true,"href":"https:\/\/santpedor.net\/radio\/wp-json\/wp\/v2\/media\/10368"}],"wp:attachment":[{"href":"https:\/\/santpedor.net\/radio\/wp-json\/wp\/v2\/media?parent=10367"}],"wp:term":[{"taxonomy":"category","embeddable":true,"href":"https:\/\/santpedor.net\/radio\/wp-json\/wp\/v2\/categories?post=10367"},{"taxonomy":"post_tag","embeddable":true,"href":"https:\/\/santpedor.net\/radio\/wp-json\/wp\/v2\/tags?post=10367"}],"curies":[{"name":"wp","href":"https:\/\/api.w.org\/{rel}","templated":true}]}}