{"id":10369,"date":"2017-06-22T20:21:33","date_gmt":"2017-06-22T18:21:33","guid":{"rendered":"http:\/\/santpedor.net\/radio\/?p=10369"},"modified":"2017-06-23T11:45:16","modified_gmt":"2017-06-23T09:45:16","slug":"lincendi-de-sant-fruitos-ja-controlat-lhauria-provocat-una-burilla-de-cigarro","status":"publish","type":"post","link":"https:\/\/santpedor.net\/radio\/lincendi-de-sant-fruitos-ja-controlat-lhauria-provocat-una-burilla-de-cigarro\/","title":{"rendered":"L\u2019incendi de Sant Fruit\u00f3s, ja controlat, l&#8217;hauria provocat una burilla de cigarro"},"content":{"rendered":"<p>Una burilla de cigarro va provocar l\u2019incendi d\u2019ahir dijous a la tarda a Sant Fruit\u00f3s de Bages. Aix\u00ed ho va informar el Cap de l&#8217;\u00c0rea B\u00e0sica d&#8217;Agents Rurals del Bages, Quico Ribera.<\/p>\n<audio class=\"wp-audio-shortcode\" id=\"audio-10369-1\" preload=\"none\" style=\"width: 100%;\" controls=\"controls\"><source type=\"audio\/mpeg\" src=\"http:\/\/radiosantfruitos.cat\/WEB\/wp-content\/uploads\/2017\/06\/T-Quico-Ribera-Cap-\u00c0rea-B\u00e0sica-Agents-Rurals-del-Bages.mp3?_=1\" \/><a href=\"http:\/\/radiosantfruitos.cat\/WEB\/wp-content\/uploads\/2017\/06\/T-Quico-Ribera-Cap-\u00c0rea-B\u00e0sica-Agents-Rurals-del-Bages.mp3\">http:\/\/radiosantfruitos.cat\/WEB\/wp-content\/uploads\/2017\/06\/T-Quico-Ribera-Cap-\u00c0rea-B\u00e0sica-Agents-Rurals-del-Bages.mp3<\/a><\/audio>\n<p>Unes 100 hect\u00e0rees de terreny agr\u00edcola van cremar ahir a l\u2019incendi, segons va informar Bombers en una compareixen\u00e7a als mitjans. Fins a unes 48 dotacions terrestres i 10 d\u2019a\u00e8ries van actuar per apagar el foc. 100 ve\u00efns del barri de la Rosaleda van ser evacuats i una trentena dels quals es van refugiar al pavell\u00f3 poliesportiu i a la resid\u00e8ncia d&#8217;avis; i els usuaris de les piscines de Sant Fruit\u00f3s tamb\u00e9 van haver de marxar per si calia agafar l\u2019aigua. El director general de Prevenci\u00f3, Extinci\u00f3 d\u2019Incendis i Salvaments, Juli Gendrau, explicava en una compareixen\u00e7a amb els mitjans un cop controlat l\u2019incendi, que l&#8217;onada de calor que pateix el pa\u00eds \u00e9s molt intensa i tothom ha d&#8217;extremar precaucions.<\/p>\n<audio class=\"wp-audio-shortcode\" id=\"audio-10369-2\" preload=\"none\" style=\"width: 100%;\" controls=\"controls\"><source type=\"audio\/mpeg\" src=\"http:\/\/radiosantfruitos.cat\/WEB\/wp-content\/uploads\/2017\/06\/incendi_juli_gendrau.mp3?_=2\" \/><a href=\"http:\/\/radiosantfruitos.cat\/WEB\/wp-content\/uploads\/2017\/06\/incendi_juli_gendrau.mp3\">http:\/\/radiosantfruitos.cat\/WEB\/wp-content\/uploads\/2017\/06\/incendi_juli_gendrau.mp3<\/a><\/audio>\n<p>L&#8217;alcalde de Sant Fruit\u00f3s de Bages, Joan Carles Batan\u00e9s, posava \u00e8mfasi en com de r\u00e0pid s&#8217;havia expandit el foc i destacava l\u2019efici\u00e8ncia dels cossos de seguretat.<\/p>\n<audio class=\"wp-audio-shortcode\" id=\"audio-10369-3\" preload=\"none\" style=\"width: 100%;\" controls=\"controls\"><source type=\"audio\/mpeg\" src=\"http:\/\/radiosantfruitos.cat\/WEB\/wp-content\/uploads\/2017\/06\/incendi_alcalde.mp3?_=3\" \/><a href=\"http:\/\/radiosantfruitos.cat\/WEB\/wp-content\/uploads\/2017\/06\/incendi_alcalde.mp3\">http:\/\/radiosantfruitos.cat\/WEB\/wp-content\/uploads\/2017\/06\/incendi_alcalde.mp3<\/a><\/audio>\n<p>El foc va obligar a tallar tots els accessos a Sant Fruit\u00f3s de Bages, generant grans embussos a les rodalies del poble i de Manresa. Sobretot a la C-16 i a la C-25. A partir de les 20h es van obrir de nou carreteres i es va recuperar a poc a poc la normalitat vi\u00e0ria.<br \/>\nL\u2019incendi va comen\u00e7ar a quarts de 4 de la tarda i es va apagar cap a les 9 del vespre aproximadament. S\u2019hi van despla\u00e7ar Bombers, Policia Local de Sant Fruit\u00f3s, Policia Local de Sallent, de Sant Joan de Vilatorrada, Gu\u00e0rdia Civil, Mossos d\u2019Esquadra, ADF Pla de Bages, el SEM i Protecci\u00f3 Civil.<\/p>\n","protected":false},"excerpt":{"rendered":"<p>Una burilla de cigarro va provocar l\u2019incendi d\u2019ahir dijous a la tarda a Sant Fruit\u00f3s de Bages. Aix\u00ed ho va informar el Cap de l&#8217;\u00c0rea B\u00e0sica d&#8217;Agents Rurals del Bages, Quico Ribera. Unes 100 hect\u00e0rees de terreny agr\u00edcola van cremar ahir a l\u2019incendi, segons va informar Bombers en una compareixen\u00e7a als mitjans. Fins a unes [&hellip;]<\/p>\n","protected":false},"author":6,"featured_media":10370,"comment_status":"open","ping_status":"closed","sticky":false,"template":"","format":"standard","meta":{"footnotes":""},"categories":[3,137],"tags":[17,274,343,61,27,28,113],"class_list":{"0":"post-10369","1":"post","2":"type-post","3":"status-publish","4":"format-standard","5":"has-post-thumbnail","7":"category-noticies","8":"category-societat","9":"tag-bages","10":"tag-bombers","11":"tag-foc","12":"tag-incendi","13":"tag-sallent","14":"tag-sant-fruitos-de-bages","15":"tag-santpedor"},"_links":{"self":[{"href":"https:\/\/santpedor.net\/radio\/wp-json\/wp\/v2\/posts\/10369","targetHints":{"allow":["GET"]}}],"collection":[{"href":"https:\/\/santpedor.net\/radio\/wp-json\/wp\/v2\/posts"}],"about":[{"href":"https:\/\/santpedor.net\/radio\/wp-json\/wp\/v2\/types\/post"}],"author":[{"embeddable":true,"href":"https:\/\/santpedor.net\/radio\/wp-json\/wp\/v2\/users\/6"}],"replies":[{"embeddable":true,"href":"https:\/\/santpedor.net\/radio\/wp-json\/wp\/v2\/comments?post=10369"}],"version-history":[{"count":0,"href":"https:\/\/santpedor.net\/radio\/wp-json\/wp\/v2\/posts\/10369\/revisions"}],"wp:featuredmedia":[{"embeddable":true,"href":"https:\/\/santpedor.net\/radio\/wp-json\/wp\/v2\/media\/10370"}],"wp:attachment":[{"href":"https:\/\/santpedor.net\/radio\/wp-json\/wp\/v2\/media?parent=10369"}],"wp:term":[{"taxonomy":"category","embeddable":true,"href":"https:\/\/santpedor.net\/radio\/wp-json\/wp\/v2\/categories?post=10369"},{"taxonomy":"post_tag","embeddable":true,"href":"https:\/\/santpedor.net\/radio\/wp-json\/wp\/v2\/tags?post=10369"}],"curies":[{"name":"wp","href":"https:\/\/api.w.org\/{rel}","templated":true}]}}