{"id":10381,"date":"2017-06-27T14:21:25","date_gmt":"2017-06-27T12:21:25","guid":{"rendered":"http:\/\/santpedor.net\/radio\/?p=10381"},"modified":"2017-06-27T15:20:15","modified_gmt":"2017-06-27T13:20:15","slug":"xavier-codina-anuncia-una-nova-pista-coberta-dentrenaments-que-se-sumara-al-pavello-i-al-paller","status":"publish","type":"post","link":"https:\/\/santpedor.net\/radio\/xavier-codina-anuncia-una-nova-pista-coberta-dentrenaments-que-se-sumara-al-pavello-i-al-paller\/","title":{"rendered":"Xavier Codina anuncia una nova pista coberta d\u2019entrenaments que se sumar\u00e0 al pavell\u00f3 i al Paller"},"content":{"rendered":"<p>L\u2019alcalde de Santpedor, Xavier Codina, ha aprofitat el debat de mig mandat que va organitzar l\u2019\u00faltim programa Pla\u00e7a Gran de R\u00e0dio Santpedor per llan\u00e7ar diversos anuncis sobre els dos anys que queden. El m\u00e9s destacat \u00e9s la nova pista coberta que es vol crear a la zona esportiva, que permetr\u00e0 descongestionar el pavell\u00f3. Codina diu que han estudiat que aquesta nou espai cobert d\u2019entrenament inclour\u00e0 tres pistes homologades, perqu\u00e8 tots els equips hi puguin entrenar.<\/p>\n<p>En canvi, s\u2019ha descartat la idea de cobrir el Paller, que tots els partits havien prom\u00e8s en el programa electoral. L\u2019alcalde ho justifica perqu\u00e8 aquest espai quedi per a les entitats, que el fan servir per actes a l\u2019aire lliure com ara cal\u00e7otades. Des de l\u2019oposici\u00f3, el portaveu del PDECat, Antoni Puiggr\u00f2s, i la de Progr\u00e9s Municipal, Fina Rodr\u00edguez, lamenten que s\u2019hagi decidit ara.<\/p>\n<p><iframe loading=\"lazy\" src=\"http:\/\/www.ivoox.com\/player_ek_19486589_2_1.html?data=kp6hmpuZfJqhhpywj5WaaZS1kpWah5yncZOhhpywj5WRaZi3jpWah5yncbHgwoqwlYqle8KfqNfO0JCVfIamp5Wjh5eqdpGlmJDFw9vNqdOfpNTRy9PFb9Tjw9fSjdPTusKf0c7g1saPp46ZmKiatIqnd4a1kcnW0ZC3pc_o0crR0deRaZi3jpk.&amp;\" width=\"238\" height=\"48\" frameborder=\"0\" scrolling=\"no\" allowfullscreen=\"allowfullscreen\"><\/iframe><\/p>\n<p>D\u2019altra banda, Xavier Codina ha explicat que el nou equipament de la Nau s\u2019inaugurar\u00e0 al setembre, i que el 2019 es preveu acabar la rehabilitaci\u00f3 de Cal Clarass\u00f3, que ser\u00e0 el nou local de la Llar d\u2019Avis, per\u00f2 tamb\u00e9 un centre din\u00e0mic per a les entitats i obert a tot el poble.<\/p>\n<figure id=\"attachment_10385\" aria-describedby=\"caption-attachment-10385\" style=\"width: 640px\" class=\"wp-caption aligncenter\"><img loading=\"lazy\" decoding=\"async\" class=\"wp-image-10385 size-large\" src=\"http:\/\/santpedor.net\/radio\/wp-content\/uploads\/2017\/06\/DSC_0013-1024x576.jpg\" alt=\"Cal Clarass\u00f3\" width=\"640\" height=\"360\" srcset=\"https:\/\/santpedor.net\/radio\/wp-content\/uploads\/2017\/06\/DSC_0013.jpg 1024w, https:\/\/santpedor.net\/radio\/wp-content\/uploads\/2017\/06\/DSC_0013-300x169.jpg 300w, https:\/\/santpedor.net\/radio\/wp-content\/uploads\/2017\/06\/DSC_0013-768x432.jpg 768w, https:\/\/santpedor.net\/radio\/wp-content\/uploads\/2017\/06\/DSC_0013-696x392.jpg 696w, https:\/\/santpedor.net\/radio\/wp-content\/uploads\/2017\/06\/DSC_0013-1068x601.jpg 1068w, https:\/\/santpedor.net\/radio\/wp-content\/uploads\/2017\/06\/DSC_0013-747x420.jpg 747w\" sizes=\"auto, (max-width: 640px) 100vw, 640px\" \/><figcaption id=\"caption-attachment-10385\" class=\"wp-caption-text\">Cal Clarass\u00f3<\/figcaption><\/figure>\n<p>L\u2019alcalde diu que no nom\u00e9s s\u2019est\u00e0 pensant en l\u2019antiga f\u00e0brica, sin\u00f3 que a la llarga el projecte inclour\u00e0 urbanitzar els carrers Valls i Doctor Antoni Vila, arreglar el portal de cal Valeri i comprar dues cases per crear una pla\u00e7a.<\/p>\n<p><iframe loading=\"lazy\" src=\"http:\/\/www.ivoox.com\/player_ek_19486583_2_1.html?data=kp6hmpuZfJShhpywj5abaZS1kp6ah5yncZOhhpywj5WRaZi3jpWah5yncbHgwoqwlYqle8KfqNfO0JCVfIamp5Wjh5eqdpGlmJDFw9vNqdOfpNTRy9PFb9Tjw9fSjajFsIy3zcbfw9jXaaSnjoqkpZK2aaSnhqadxs7Tb7TVz9ndx8nTto6ZmKialg..&amp;\" width=\"238\" height=\"48\" frameborder=\"0\" scrolling=\"no\" allowfullscreen=\"allowfullscreen\"><\/iframe><\/p>\n<p>I finalment un tercer anunci que va sortir del debat va ser el comprom\u00eds de l\u2019alcalde que aquest any la resid\u00e8ncia d\u2019avis de Can Jorba tindr\u00e0 places concertades.<\/p>\n<figure id=\"attachment_10384\" aria-describedby=\"caption-attachment-10384\" style=\"width: 640px\" class=\"wp-caption aligncenter\"><img loading=\"lazy\" decoding=\"async\" class=\"wp-image-10384 size-large\" src=\"http:\/\/santpedor.net\/radio\/wp-content\/uploads\/2017\/06\/DSC_0011-1024x576.jpg\" alt=\"Resid\u00e8ncia Can Jorba\" width=\"640\" height=\"360\" srcset=\"https:\/\/santpedor.net\/radio\/wp-content\/uploads\/2017\/06\/DSC_0011.jpg 1024w, https:\/\/santpedor.net\/radio\/wp-content\/uploads\/2017\/06\/DSC_0011-300x169.jpg 300w, https:\/\/santpedor.net\/radio\/wp-content\/uploads\/2017\/06\/DSC_0011-768x432.jpg 768w, https:\/\/santpedor.net\/radio\/wp-content\/uploads\/2017\/06\/DSC_0011-696x392.jpg 696w, https:\/\/santpedor.net\/radio\/wp-content\/uploads\/2017\/06\/DSC_0011-1068x601.jpg 1068w, https:\/\/santpedor.net\/radio\/wp-content\/uploads\/2017\/06\/DSC_0011-747x420.jpg 747w\" sizes=\"auto, (max-width: 640px) 100vw, 640px\" \/><figcaption id=\"caption-attachment-10384\" class=\"wp-caption-text\">Resid\u00e8ncia Can Jorba<\/figcaption><\/figure>\n<p>Codina diu n\u2019est\u00e0 conven\u00e7ut, perqu\u00e8 aix\u00ed li ha prom\u00e8s el govern de la Generalitat. Ara mateix la resid\u00e8ncia est\u00e0 gaireb\u00e9 plena, amb 84 de les 90 places cobertes. L\u2019alcalde tamb\u00e9 diu que quan arribin els concerts l\u2019Ajuntament es replantejar\u00e0 els ajuts que ara d\u00f3na als residents.<\/p>\n<p><iframe loading=\"lazy\" src=\"http:\/\/www.ivoox.com\/player_ek_19486607_2_1.html?data=kp6hmpuadJihhpywj5aWaZS1lJyah5yncZOhhpywj5WRaZi3jpWah5yncbHgwoqwlYqle8KfqNfO0JCVfIamp5Wjh5eqdpGlmJDFw9vNqdOfpNTRy9PFb9Tjw9fSjdfJt8rYhqigh6acssTdwpCah5yncbOZpJiSo5XIrdCftMbb1tXJqNDmjoqkpZKY&amp;\" width=\"238\" height=\"48\" frameborder=\"0\" scrolling=\"no\" allowfullscreen=\"allowfullscreen\"><\/iframe><\/p>\n<p>En el debat tamb\u00e9 es va parlar d\u2019altres temes, com ara dels espais educatius o de la Festa Major. L\u2019oposici\u00f3 va llan\u00e7ar propostes, com ara la del PDECat perqu\u00e8 hi hagi un espai de penyes familiars a la Festa Major, o la petici\u00f3 de Progr\u00e9s Municipal per revitalitzar el mercat setmanal.<\/p>\n<p>ESCOLTA EL PROGRAMA SENCER<\/p>\n<p><iframe loading=\"lazy\" id=\"audio_19408036\" style=\"border: 1px solid #EEE; box-sizing: border-box; width: 100%;\" src=\"https:\/\/www.ivoox.com\/player_ej_19408036_4_1.html?c1=ff6600\" width=\"300\" height=\"200\" frameborder=\"0\" scrolling=\"no\" allowfullscreen=\"allowfullscreen\"><\/iframe><\/p>\n","protected":false},"excerpt":{"rendered":"<p>L\u2019alcalde de Santpedor, Xavier Codina, ha aprofitat el debat de mig mandat que va organitzar l\u2019\u00faltim programa Pla\u00e7a Gran de R\u00e0dio Santpedor per llan\u00e7ar diversos anuncis sobre els dos anys que queden. El m\u00e9s destacat \u00e9s la nova pista coberta que es vol crear a la zona esportiva, que permetr\u00e0 descongestionar el pavell\u00f3. Codina diu [&hellip;]<\/p>\n","protected":false},"author":4,"featured_media":10383,"comment_status":"open","ping_status":"closed","sticky":false,"template":"","format":"standard","meta":{"footnotes":""},"categories":[356,535],"tags":[],"class_list":{"0":"post-10381","1":"post","2":"type-post","3":"status-publish","4":"format-standard","5":"has-post-thumbnail","7":"category-placa-gran","8":"category-programes"},"_links":{"self":[{"href":"https:\/\/santpedor.net\/radio\/wp-json\/wp\/v2\/posts\/10381","targetHints":{"allow":["GET"]}}],"collection":[{"href":"https:\/\/santpedor.net\/radio\/wp-json\/wp\/v2\/posts"}],"about":[{"href":"https:\/\/santpedor.net\/radio\/wp-json\/wp\/v2\/types\/post"}],"author":[{"embeddable":true,"href":"https:\/\/santpedor.net\/radio\/wp-json\/wp\/v2\/users\/4"}],"replies":[{"embeddable":true,"href":"https:\/\/santpedor.net\/radio\/wp-json\/wp\/v2\/comments?post=10381"}],"version-history":[{"count":0,"href":"https:\/\/santpedor.net\/radio\/wp-json\/wp\/v2\/posts\/10381\/revisions"}],"wp:featuredmedia":[{"embeddable":true,"href":"https:\/\/santpedor.net\/radio\/wp-json\/wp\/v2\/media\/10383"}],"wp:attachment":[{"href":"https:\/\/santpedor.net\/radio\/wp-json\/wp\/v2\/media?parent=10381"}],"wp:term":[{"taxonomy":"category","embeddable":true,"href":"https:\/\/santpedor.net\/radio\/wp-json\/wp\/v2\/categories?post=10381"},{"taxonomy":"post_tag","embeddable":true,"href":"https:\/\/santpedor.net\/radio\/wp-json\/wp\/v2\/tags?post=10381"}],"curies":[{"name":"wp","href":"https:\/\/api.w.org\/{rel}","templated":true}]}}