{"id":10417,"date":"2017-07-04T19:13:45","date_gmt":"2017-07-04T17:13:45","guid":{"rendered":"http:\/\/santpedor.net\/radio\/?p=10417"},"modified":"2017-07-04T19:13:45","modified_gmt":"2017-07-04T17:13:45","slug":"latur-cau-en-picat-a-santpedor-amb-larribada-de-lestiu","status":"publish","type":"post","link":"https:\/\/santpedor.net\/radio\/latur-cau-en-picat-a-santpedor-amb-larribada-de-lestiu\/","title":{"rendered":"L&#8217;atur cau en picat a Santpedor amb l&#8217;arribada de l&#8217;estiu"},"content":{"rendered":"<p>280 \u00e9s la xifra de persones que estaven a l&#8217;atur a Santpedor al tancament del passat mes de juny. Una xifra que suposa una fita que no s&#8217;aconseguia al poble des de just abans de l&#8217;esclat de la crisi financera del 2008. 9 anys justos des del juny de 2008 en qu\u00e8 l&#8217;atur estava, tamb\u00e9 -i per \u00faltima vegada fins el mes passat- per sota de les 300 persones desocupades. Aix\u00f2 \u00e9s degut a una davallada molt accentuada de l&#8217;atur a Santpedor en els \u00faltims dos mesos, en qu\u00e8 ha caigut un 14,5%, despr\u00e9s de mesos en qu\u00e8 la situaci\u00f3 laboral semblava m\u00e9s estancada.<\/p>\n<p>Part del decreixement podria explicar-se per l&#8217;inici de la campanya d&#8217;estiu, per\u00f2, en qualsevol cas, les xifres tamb\u00e9 son positives respecte juny de 2016. La davallada respecte les xifres de fa un any \u00e9s del 12,2%. S\u00f3n dades que aporta l&#8217;Observatori del Treball i el Model Productiu de la Generalitat de Catalunya, i que tenen conson\u00e0ncia amb la caiguda de l&#8217;atur un 5,2% al Bages i un 4,4% a Catalunya respecte el mes de maig.<\/p>\n","protected":false},"excerpt":{"rendered":"<p>280 \u00e9s la xifra de persones que estaven a l&#8217;atur a Santpedor al tancament del passat mes de juny. Una xifra que suposa una fita que no s&#8217;aconseguia al poble des de just abans de l&#8217;esclat de la crisi financera del 2008. 9 anys justos des del juny de 2008 en qu\u00e8 l&#8217;atur estava, tamb\u00e9 [&hellip;]<\/p>\n","protected":false},"author":6,"featured_media":10418,"comment_status":"open","ping_status":"closed","sticky":false,"template":"","format":"standard","meta":{"footnotes":""},"categories":[3,136],"tags":[45,17,184,651,650,731,832,113],"class_list":{"0":"post-10417","1":"post","2":"type-post","3":"status-publish","4":"format-standard","5":"has-post-thumbnail","7":"category-noticies","8":"category-politica-i-economia","9":"tag-atur","10":"tag-bages","11":"tag-catalunya","12":"tag-crisi","13":"tag-generalitat-de-catalunya","14":"tag-observatori-del-treball-i-el-model-productiu","15":"tag-ocupacio","16":"tag-santpedor"},"_links":{"self":[{"href":"https:\/\/santpedor.net\/radio\/wp-json\/wp\/v2\/posts\/10417","targetHints":{"allow":["GET"]}}],"collection":[{"href":"https:\/\/santpedor.net\/radio\/wp-json\/wp\/v2\/posts"}],"about":[{"href":"https:\/\/santpedor.net\/radio\/wp-json\/wp\/v2\/types\/post"}],"author":[{"embeddable":true,"href":"https:\/\/santpedor.net\/radio\/wp-json\/wp\/v2\/users\/6"}],"replies":[{"embeddable":true,"href":"https:\/\/santpedor.net\/radio\/wp-json\/wp\/v2\/comments?post=10417"}],"version-history":[{"count":0,"href":"https:\/\/santpedor.net\/radio\/wp-json\/wp\/v2\/posts\/10417\/revisions"}],"wp:featuredmedia":[{"embeddable":true,"href":"https:\/\/santpedor.net\/radio\/wp-json\/wp\/v2\/media\/10418"}],"wp:attachment":[{"href":"https:\/\/santpedor.net\/radio\/wp-json\/wp\/v2\/media?parent=10417"}],"wp:term":[{"taxonomy":"category","embeddable":true,"href":"https:\/\/santpedor.net\/radio\/wp-json\/wp\/v2\/categories?post=10417"},{"taxonomy":"post_tag","embeddable":true,"href":"https:\/\/santpedor.net\/radio\/wp-json\/wp\/v2\/tags?post=10417"}],"curies":[{"name":"wp","href":"https:\/\/api.w.org\/{rel}","templated":true}]}}