{"id":10420,"date":"2017-07-05T13:40:59","date_gmt":"2017-07-05T11:40:59","guid":{"rendered":"http:\/\/santpedor.net\/radio\/?p=10420"},"modified":"2017-07-05T13:40:59","modified_gmt":"2017-07-05T11:40:59","slug":"la-nau-obrira-portes-per-les-entitats-al-setembre","status":"publish","type":"post","link":"https:\/\/santpedor.net\/radio\/la-nau-obrira-portes-per-les-entitats-al-setembre\/","title":{"rendered":"La Nau obrir\u00e0 portes per les entitats al setembre"},"content":{"rendered":"<p>Les obres per adequar l&#8217;edifici de la Nau, al costat de Cal Llovet, perqu\u00e8 hi entrin les entitats avancen a bon ritme. Tant \u00e9s aix\u00ed que des de l&#8217;Ajuntament es compta amb la previsi\u00f3 d&#8217;inaugurar les instal\u00b7lacions al setembre. Aix\u00f2 vol dir que per l&#8217;inici del nou curs les entitats ja podran instal\u00b7lar-s&#8217;hi i fer \u00fas del nou equipament. Puntaires, Geganters, el SAC, o R\u00e0dio Santpedor, ja tenen aparaulat un espai al nou edifici, per\u00f2 l&#8217;alcalde, Xavier Codina, subratlla que tamb\u00e9 s&#8217;est\u00e0 en converses amb altres entitats i que es tractar\u00e0 d&#8217;un equipament obert a tothom:<\/p>\n<audio class=\"wp-audio-shortcode\" id=\"audio-10420-1\" preload=\"none\" style=\"width: 100%;\" controls=\"controls\"><source type=\"audio\/mpeg\" src=\"http:\/\/santpedor.net\/radio\/wp-content\/uploads\/2017\/07\/T-1-Xavi-Codina-Nau.mp3?_=1\" \/><a href=\"http:\/\/santpedor.net\/radio\/wp-content\/uploads\/2017\/07\/T-1-Xavi-Codina-Nau.mp3\">http:\/\/santpedor.net\/radio\/wp-content\/uploads\/2017\/07\/T-1-Xavi-Codina-Nau.mp3<\/a><\/audio>\n<p>Amb la primera fase es vol donar resposta a la necessitat de les entitats. M\u00e9s endavant, per\u00f2, hi ha prevista una segona fase de remodelacions per fer tamb\u00e9 un local social i un bar a l&#8217;espai de la Nau. La idea del consistori \u00e9s crear tota una zona comuna d&#8217;equipaments per les entitats, que aglutini la Nau i Cal Llovet, i que pugui ser gestionada de forma delegada -de forma similar a com es gestiona la zona esportiva i les piscines-.<\/p>\n","protected":false},"excerpt":{"rendered":"<p>Les obres per adequar l&#8217;edifici de la Nau, al costat de Cal Llovet, perqu\u00e8 hi entrin les entitats avancen a bon ritme. Tant \u00e9s aix\u00ed que des de l&#8217;Ajuntament es compta amb la previsi\u00f3 d&#8217;inaugurar les instal\u00b7lacions al setembre. Aix\u00f2 vol dir que per l&#8217;inici del nou curs les entitats ja podran instal\u00b7lar-s&#8217;hi i fer [&hellip;]<\/p>\n","protected":false},"author":6,"featured_media":10422,"comment_status":"open","ping_status":"closed","sticky":false,"template":"","format":"standard","meta":{"footnotes":""},"categories":[3,137],"tags":[7,924,316,39,239,113],"class_list":{"0":"post-10420","1":"post","2":"type-post","3":"status-publish","4":"format-standard","5":"has-post-thumbnail","7":"category-noticies","8":"category-societat","9":"tag-ajuntament","10":"tag-entiats","11":"tag-la-nau","12":"tag-radio-santpedor","13":"tag-sac","14":"tag-santpedor"},"_links":{"self":[{"href":"https:\/\/santpedor.net\/radio\/wp-json\/wp\/v2\/posts\/10420","targetHints":{"allow":["GET"]}}],"collection":[{"href":"https:\/\/santpedor.net\/radio\/wp-json\/wp\/v2\/posts"}],"about":[{"href":"https:\/\/santpedor.net\/radio\/wp-json\/wp\/v2\/types\/post"}],"author":[{"embeddable":true,"href":"https:\/\/santpedor.net\/radio\/wp-json\/wp\/v2\/users\/6"}],"replies":[{"embeddable":true,"href":"https:\/\/santpedor.net\/radio\/wp-json\/wp\/v2\/comments?post=10420"}],"version-history":[{"count":0,"href":"https:\/\/santpedor.net\/radio\/wp-json\/wp\/v2\/posts\/10420\/revisions"}],"wp:featuredmedia":[{"embeddable":true,"href":"https:\/\/santpedor.net\/radio\/wp-json\/wp\/v2\/media\/10422"}],"wp:attachment":[{"href":"https:\/\/santpedor.net\/radio\/wp-json\/wp\/v2\/media?parent=10420"}],"wp:term":[{"taxonomy":"category","embeddable":true,"href":"https:\/\/santpedor.net\/radio\/wp-json\/wp\/v2\/categories?post=10420"},{"taxonomy":"post_tag","embeddable":true,"href":"https:\/\/santpedor.net\/radio\/wp-json\/wp\/v2\/tags?post=10420"}],"curies":[{"name":"wp","href":"https:\/\/api.w.org\/{rel}","templated":true}]}}