{"id":10433,"date":"2017-07-11T00:02:17","date_gmt":"2017-07-10T22:02:17","guid":{"rendered":"http:\/\/santpedor.net\/radio\/?p=10433"},"modified":"2017-07-11T00:03:21","modified_gmt":"2017-07-10T22:03:21","slug":"santpedor-obre-el-termini-per-inscriures-a-la-formacio-dadults-amb-una-desena-de-propostes","status":"publish","type":"post","link":"https:\/\/santpedor.net\/radio\/santpedor-obre-el-termini-per-inscriures-a-la-formacio-dadults-amb-una-desena-de-propostes\/","title":{"rendered":"Santpedor obre el termini per inscriure\u2019s a la formaci\u00f3 d\u2019adults amb una desena de propostes"},"content":{"rendered":"<p>REDACCI\u00d3 | L\u2019Ajuntament de Santpedor ha definit una \u00e0mplia proposta de formaci\u00f3 continuada i de lleure amb una desena d\u2019activitats obertes al poble en els dos terrenys. Nom\u00e9s l\u2019any passat, els usuaris de l\u2019aula d\u2019adults van ser 97 persones i en els tallers hi va haver prop de 230 participants persones inscrites. Avui s\u2019han obert les inscripcions de les persones interessades a participar-hi en el curs que comen\u00e7a al setembre.<\/p>\n<p>El programa de formaci\u00f3 cont\u00ednua i l\u2019aula d\u2019adults est\u00e0 pensada per a persones majors de 16 anys i ofereix formaci\u00f3 en angl\u00e8s, catal\u00e0 i inform\u00e0tica. Al curs que tot just fa unes setmanes que s\u2019ha acabat hi van participar prop d\u2019un centenar de persones. Precisament en angl\u00e8s \u00e9s on hi ha un nombre m\u00e9s alt de participants amb 61 i per aix\u00f2 tamb\u00e9 per a aquest curs que ve \u00e9s on l\u2019oferta \u00e9s m\u00e9s \u00e0mplia amb fins a 9 grups per donar resposta als diferents nivells de formaci\u00f3. Tamb\u00e9 s\u2019ofereix formaci\u00f3 de 4 nivells diferents de catal\u00e0 que van des del m\u00e9s b\u00e0sic, pensat per a no catalanoparlants, dos grups de nivell intermedi i un grup de nivell C (de sufici\u00e8ncia). Tots els alumnes inscrits als cursos de catal\u00e0 o angl\u00e8s que no facin els cursos d\u2019iniciaci\u00f3 hauran de fer una prova de nivell el dia 7 de setembre, a les 18h a la Capella de Sant Andreu. L\u2019aula d\u2019adults tamb\u00e9 compta amb tres cursos diferents d\u2019inform\u00e0tica amb molta demanda per a fer la formaci\u00f3 inform\u00e0tica per a majors de 65 anys.<\/p>\n<p>Pel que fa als tallers de formaci\u00f3 i lleure, l\u2019oferta \u00e9s molt \u00e0mplia amb 6 activitats diferents. Una de les que t\u00e9 major demanda \u00e9s el zumba amb 62 inscrits i la gimn\u00e0stica per a majors de 65 anys que enguany hi ha participat 57 persones. Tamb\u00e9 s\u2019ofereix cer\u00e0mica, Tai-txi, i t\u00e9 una gran acollida el programa de caminades per a majors de 65 anys o pensionistes.<\/p>\n<p>El per\u00edode d\u2019inscripcions acaba el divendres 28 de juliol. Es poden tramitar les inscripcions a les oficines de l\u2019Ajuntament de 9 a 14h. La xerrada informativa per a nous alumnes tindr\u00e0 lloc el dijous 21 de setembre a les 19h a la capella de Sant Andreu.<\/p>\n","protected":false},"excerpt":{"rendered":"<p>REDACCI\u00d3 | L\u2019Ajuntament de Santpedor ha definit una \u00e0mplia proposta de formaci\u00f3 continuada i de lleure amb una desena d\u2019activitats obertes al poble en els dos terrenys. Nom\u00e9s l\u2019any passat, els usuaris de l\u2019aula d\u2019adults van ser 97 persones i en els tallers hi va haver prop de 230 participants persones inscrites. Avui s\u2019han obert [&hellip;]<\/p>\n","protected":false},"author":2,"featured_media":10434,"comment_status":"open","ping_status":"closed","sticky":false,"template":"","format":"standard","meta":{"footnotes":""},"categories":[3,137],"tags":[7,930,929,96,113],"class_list":{"0":"post-10433","1":"post","2":"type-post","3":"status-publish","4":"format-standard","5":"has-post-thumbnail","7":"category-noticies","8":"category-societat","9":"tag-ajuntament","10":"tag-aula-dadults","11":"tag-formacio-dadults","12":"tag-placa-gran","13":"tag-santpedor"},"_links":{"self":[{"href":"https:\/\/santpedor.net\/radio\/wp-json\/wp\/v2\/posts\/10433","targetHints":{"allow":["GET"]}}],"collection":[{"href":"https:\/\/santpedor.net\/radio\/wp-json\/wp\/v2\/posts"}],"about":[{"href":"https:\/\/santpedor.net\/radio\/wp-json\/wp\/v2\/types\/post"}],"author":[{"embeddable":true,"href":"https:\/\/santpedor.net\/radio\/wp-json\/wp\/v2\/users\/2"}],"replies":[{"embeddable":true,"href":"https:\/\/santpedor.net\/radio\/wp-json\/wp\/v2\/comments?post=10433"}],"version-history":[{"count":0,"href":"https:\/\/santpedor.net\/radio\/wp-json\/wp\/v2\/posts\/10433\/revisions"}],"wp:featuredmedia":[{"embeddable":true,"href":"https:\/\/santpedor.net\/radio\/wp-json\/wp\/v2\/media\/10434"}],"wp:attachment":[{"href":"https:\/\/santpedor.net\/radio\/wp-json\/wp\/v2\/media?parent=10433"}],"wp:term":[{"taxonomy":"category","embeddable":true,"href":"https:\/\/santpedor.net\/radio\/wp-json\/wp\/v2\/categories?post=10433"},{"taxonomy":"post_tag","embeddable":true,"href":"https:\/\/santpedor.net\/radio\/wp-json\/wp\/v2\/tags?post=10433"}],"curies":[{"name":"wp","href":"https:\/\/api.w.org\/{rel}","templated":true}]}}