{"id":10466,"date":"2017-07-19T20:58:10","date_gmt":"2017-07-19T18:58:10","guid":{"rendered":"http:\/\/santpedor.net\/radio\/?p=10466"},"modified":"2017-07-19T20:58:10","modified_gmt":"2017-07-19T18:58:10","slug":"la-vaga-dexaminadors-deixa-les-autoescoles-de-santpedor-i-comarca-contra-les-cordes","status":"publish","type":"post","link":"https:\/\/santpedor.net\/radio\/la-vaga-dexaminadors-deixa-les-autoescoles-de-santpedor-i-comarca-contra-les-cordes\/","title":{"rendered":"La vaga d&#8217;examinadors deixa les autoescoles de Santpedor i comarca contra les cordes"},"content":{"rendered":"<p>MARCEL TARAZONA, YL\u00c8NIA MORROS, CRISTINA PLANS.- La vaga dels examinadors de carnet de conduir engegada a principis de juny i que s&#8217;allargar\u00e0 fins l&#8217;agost est\u00e0 deixant les autoescoles en una situaci\u00f3 molt compromesa. Sense examinadors no hi ha dates per examinar-se i els alumnes no s&#8217;apunten a fer pr\u00e0ctiques de conducci\u00f3. Una situaci\u00f3 que posa contra les cordes les autoescoles just en el per\u00edode, l&#8217;estiu, en qu\u00e8 sol haver-hi m\u00e9s activitat.<\/p>\n<p>Com a conseq\u00fc\u00e8ncia moltes autoescoles s&#8217;han vist obligades a acomiadar treballadors o fins i tot a tancar les seves portes. I \u00e9s que si no hi ha ex\u00e0mens, no hi ha matr\u00edcules. I si no hi ha matr\u00edcules, no hi ha ingressos. \u00c9s per aix\u00f2 que algunes companyies intenten adaptar-se a la situaci\u00f3 i aprofitar, per poc que sigui, els dies d&#8217;examen tot i ser fora de la comarca. El director de l&#8217;autoescola Sallentina de Sallent, Josep Maria Prat, explica que la setmana que ve acompanyar\u00e0 els seus alumnes a Barcelona perqu\u00e8 puguin fer l&#8217;examen de te\u00f2rica:<\/p>\n<audio class=\"wp-audio-shortcode\" id=\"audio-10466-1\" preload=\"none\" style=\"width: 100%;\" controls=\"controls\"><source type=\"audio\/mpeg\" src=\"http:\/\/onabages.cat\/wp-content\/uploads\/2017\/07\/DIRECTOR-AUTOESCOLA-SALLENTINA.mp3?_=1\" \/><a href=\"http:\/\/onabages.cat\/wp-content\/uploads\/2017\/07\/DIRECTOR-AUTOESCOLA-SALLENTINA.mp3\">http:\/\/onabages.cat\/wp-content\/uploads\/2017\/07\/DIRECTOR-AUTOESCOLA-SALLENTINA.mp3<\/a><\/audio>\n<p>Aquest ser\u00e0 l&#8217;\u00faltim examen te\u00f2ric de l&#8217;estiu, per\u00f2 de pr\u00e0ctic no n&#8217;hi haur\u00e0 cap m\u00e9s fins al setembre. Aix\u00f2 ha provocat que molts alumnes hagin prescindit d&#8217;apuntar-se a les autoescoles, que cada vegada tenen menys matriculats per culpa de la incertesa de no saber si podran treure&#8217;s el carnet de conduir. Aquest \u00e9s el cas de l&#8217;Autoescola \u00c0ngels de Santpedor:<\/p>\n<audio class=\"wp-audio-shortcode\" id=\"audio-10466-2\" preload=\"none\" style=\"width: 100%;\" controls=\"controls\"><source type=\"audio\/mpeg\" src=\"http:\/\/santpedor.net\/radio\/wp-content\/uploads\/2017\/07\/T-Marta-d\u00c0ngels-Autoescola-autoescoles.mp3?_=2\" \/><a href=\"http:\/\/santpedor.net\/radio\/wp-content\/uploads\/2017\/07\/T-Marta-d\u00c0ngels-Autoescola-autoescoles.mp3\">http:\/\/santpedor.net\/radio\/wp-content\/uploads\/2017\/07\/T-Marta-d\u00c0ngels-Autoescola-autoescoles.mp3<\/a><\/audio>\n<p>Aix\u00f2 s\u00ed, les autoescoles donen suport a la vaga. Entenen els motius dels examinadors, que reclamen des del 2015 m\u00e9s seguretat a l&#8217;hora de comunicar les notes als alumnes, i un augment de les seves n\u00f2mines perqu\u00e8, afegeixen, &#8220;estem exposats als perills de la carretera&#8221;. De fet, moltes companyies bagenques han donat suport a la concentraci\u00f3 que va haver-hi ahir a Barcelona per exigir que el Govern posi fi a la situaci\u00f3.<\/p>\n<p>La previsi\u00f3 actual \u00e9s que la vaga es converteixi en indefinida a partir del setembre a causa de les postures enfrontades entre els examinadors i la DGT, que per la seva banda estima que aquest estiu s\u2019hauran cancel\u00b7lat m\u00e9s de 31.000 ex\u00e0mens pr\u00e0ctics de conduir arreu de Catalunya.<\/p>\n","protected":false},"excerpt":{"rendered":"<p>MARCEL TARAZONA, YL\u00c8NIA MORROS, CRISTINA PLANS.- La vaga dels examinadors de carnet de conduir engegada a principis de juny i que s&#8217;allargar\u00e0 fins l&#8217;agost est\u00e0 deixant les autoescoles en una situaci\u00f3 molt compromesa. Sense examinadors no hi ha dates per examinar-se i els alumnes no s&#8217;apunten a fer pr\u00e0ctiques de conducci\u00f3. Una situaci\u00f3 que posa [&hellip;]<\/p>\n","protected":false},"author":6,"featured_media":10467,"comment_status":"open","ping_status":"closed","sticky":false,"template":"","format":"standard","meta":{"footnotes":""},"categories":[3,137],"tags":[940,941,937,939,938,27,28,113],"class_list":{"0":"post-10466","1":"post","2":"type-post","3":"status-publish","4":"format-standard","5":"has-post-thumbnail","7":"category-noticies","8":"category-societat","9":"tag-angels-autoescola","10":"tag-autoescola-sallentina","11":"tag-autoescoles","12":"tag-autopractic","13":"tag-examinadors","14":"tag-sallent","15":"tag-sant-fruitos-de-bages","16":"tag-santpedor"},"_links":{"self":[{"href":"https:\/\/santpedor.net\/radio\/wp-json\/wp\/v2\/posts\/10466","targetHints":{"allow":["GET"]}}],"collection":[{"href":"https:\/\/santpedor.net\/radio\/wp-json\/wp\/v2\/posts"}],"about":[{"href":"https:\/\/santpedor.net\/radio\/wp-json\/wp\/v2\/types\/post"}],"author":[{"embeddable":true,"href":"https:\/\/santpedor.net\/radio\/wp-json\/wp\/v2\/users\/6"}],"replies":[{"embeddable":true,"href":"https:\/\/santpedor.net\/radio\/wp-json\/wp\/v2\/comments?post=10466"}],"version-history":[{"count":0,"href":"https:\/\/santpedor.net\/radio\/wp-json\/wp\/v2\/posts\/10466\/revisions"}],"wp:featuredmedia":[{"embeddable":true,"href":"https:\/\/santpedor.net\/radio\/wp-json\/wp\/v2\/media\/10467"}],"wp:attachment":[{"href":"https:\/\/santpedor.net\/radio\/wp-json\/wp\/v2\/media?parent=10466"}],"wp:term":[{"taxonomy":"category","embeddable":true,"href":"https:\/\/santpedor.net\/radio\/wp-json\/wp\/v2\/categories?post=10466"},{"taxonomy":"post_tag","embeddable":true,"href":"https:\/\/santpedor.net\/radio\/wp-json\/wp\/v2\/tags?post=10466"}],"curies":[{"name":"wp","href":"https:\/\/api.w.org\/{rel}","templated":true}]}}