{"id":10470,"date":"2017-07-20T09:52:18","date_gmt":"2017-07-20T07:52:18","guid":{"rendered":"http:\/\/santpedor.net\/radio\/?p=10470"},"modified":"2017-07-20T09:53:21","modified_gmt":"2017-07-20T07:53:21","slug":"santpedor-compra-el-segon-pis-que-destinara-a-usos-socials","status":"publish","type":"post","link":"https:\/\/santpedor.net\/radio\/santpedor-compra-el-segon-pis-que-destinara-a-usos-socials\/","title":{"rendered":"Santpedor compra el segon pis que destinar\u00e0 a usos socials"},"content":{"rendered":"<p>L\u2019Ajuntament de Santpedor ha aprovat al ple d\u2019aquest mes de juliol la compra del segon pis que tindr\u00e0 el municipi en propietat per a usos socials i amplia amb aquesta mesura a 19 els habitatges que es destinen a aquesta funci\u00f3. En el mateix ple es va aprovar la modificaci\u00f3 de cr\u00e8dit que permet fer front a aquesta compra. L\u2019Ajuntament ha obtingut una subvenci\u00f3 de la Diputaci\u00f3 pel 75 per cent del cost de l\u2019habitatge.<\/p>\n<p>Es tracta d\u2019un pis al carrer Arquitecte Gaud\u00ed que ha costat 40.000 euros i que Diputaci\u00f3 en posar\u00e0 30.000. La regidora d\u2019Acci\u00f3 Social i Sanitat, Laura Tarradellas ha explicat que l\u2019objectiu de la regidoria \u00e9s tenir la capacitat de donar resposta a les necessitats que sorgeixen. \u201cCom vam dir a principis d\u2019any, la nostra obligaci\u00f3 des de l\u2019Ajuntament \u00e9s vetllar per l\u2019acc\u00e9s a l\u2019habitatge assequible de la gent de Santpedor, i al mateix temps, poder disposar d\u2019habitatges inclosos dins el programa d\u2019inclusi\u00f3 dels serveis socials\u201d. Per aix\u00f2, Tarradellas insisteix que quan hi ha hagut la possibilitat s\u2019ha fet la compra dels dos habitatges.<\/p>\n<p>Amb aquesta compra, Santpedor passar\u00e0 a tenir un parc d\u2019habitatge social de 19 pisos. Els dos que ha comprat aquest any l\u2019Ajuntament, m\u00e9s els 17 propietat de la Generalitat. Les compet\u00e8ncies en habitatge les t\u00e9 precisament la Generalitat per\u00f2 els ajuntaments s\u00f3n els que reben les peticions i fan els tr\u00e0mits a la majoria d\u2019habitatges. Tamb\u00e9 l\u2019administraci\u00f3 local t\u00e9 capacitat de facilitar l\u2019acc\u00e9s de ve\u00efns a dos dels 17 habitatges de la Generalitat a trav\u00e9s d\u2019un conveni. I als dos que ha acabat comprant aquest any. L\u2019objectiu de l\u2019Ajuntament, explica Tarradellas, \u201c\u00e9s facilitar l\u2019acc\u00e9s a l\u2019habitatge assequible per millorar les condicions de les fam\u00edlies i que, d\u2019aquesta manera puguin ser aut\u00f2noms\u201d.<\/p>\n<p>En el ple de juliol tamb\u00e9 es va formalitzar la cessi\u00f3 d\u2019una finca a la Generalitat per a l\u2019IES d\u2019Auro que ja estava ocupant el centre per\u00f2 calia tancar aquest tr\u00e0mit. A m\u00e9s es va aprovar per un any mes prorrogar el contracte de concessi\u00f3 administrativa de gesti\u00f3 del servei p\u00fablic de l\u2019escola bressol i la pr\u00f2rroga del Pla Local de Joventut per cobrir tamb\u00e9 aquest 2017.<\/p>\n","protected":false},"excerpt":{"rendered":"<p>L\u2019Ajuntament de Santpedor ha aprovat al ple d\u2019aquest mes de juliol la compra del segon pis que tindr\u00e0 el municipi en propietat per a usos socials i amplia amb aquesta mesura a 19 els habitatges que es destinen a aquesta funci\u00f3. En el mateix ple es va aprovar la modificaci\u00f3 de cr\u00e8dit que permet fer [&hellip;]<\/p>\n","protected":false},"author":2,"featured_media":10471,"comment_status":"open","ping_status":"closed","sticky":false,"template":"","format":"standard","meta":{"footnotes":""},"categories":[3,137],"tags":[7,942,38,113],"class_list":{"0":"post-10470","1":"post","2":"type-post","3":"status-publish","4":"format-standard","5":"has-post-thumbnail","7":"category-noticies","8":"category-societat","9":"tag-ajuntament","10":"tag-pis-social","11":"tag-ple","12":"tag-santpedor"},"_links":{"self":[{"href":"https:\/\/santpedor.net\/radio\/wp-json\/wp\/v2\/posts\/10470","targetHints":{"allow":["GET"]}}],"collection":[{"href":"https:\/\/santpedor.net\/radio\/wp-json\/wp\/v2\/posts"}],"about":[{"href":"https:\/\/santpedor.net\/radio\/wp-json\/wp\/v2\/types\/post"}],"author":[{"embeddable":true,"href":"https:\/\/santpedor.net\/radio\/wp-json\/wp\/v2\/users\/2"}],"replies":[{"embeddable":true,"href":"https:\/\/santpedor.net\/radio\/wp-json\/wp\/v2\/comments?post=10470"}],"version-history":[{"count":0,"href":"https:\/\/santpedor.net\/radio\/wp-json\/wp\/v2\/posts\/10470\/revisions"}],"wp:featuredmedia":[{"embeddable":true,"href":"https:\/\/santpedor.net\/radio\/wp-json\/wp\/v2\/media\/10471"}],"wp:attachment":[{"href":"https:\/\/santpedor.net\/radio\/wp-json\/wp\/v2\/media?parent=10470"}],"wp:term":[{"taxonomy":"category","embeddable":true,"href":"https:\/\/santpedor.net\/radio\/wp-json\/wp\/v2\/categories?post=10470"},{"taxonomy":"post_tag","embeddable":true,"href":"https:\/\/santpedor.net\/radio\/wp-json\/wp\/v2\/tags?post=10470"}],"curies":[{"name":"wp","href":"https:\/\/api.w.org\/{rel}","templated":true}]}}