{"id":10489,"date":"2017-07-25T08:00:55","date_gmt":"2017-07-25T06:00:55","guid":{"rendered":"http:\/\/santpedor.net\/radio\/?p=10489"},"modified":"2017-07-25T09:33:20","modified_gmt":"2017-07-25T07:33:20","slug":"santpedor-fara-repicar-les-campanes-i-recupera-els-actes-tradicionals-per-celebrar-santa-anna","status":"publish","type":"post","link":"https:\/\/santpedor.net\/radio\/santpedor-fara-repicar-les-campanes-i-recupera-els-actes-tradicionals-per-celebrar-santa-anna\/","title":{"rendered":"Santpedor far\u00e0 repicar les campanes i recupera els actes tradicionals per celebrar Santa Anna"},"content":{"rendered":"<p>Santpedor celebra aquesta setmana Santa Anna, patrona del municipi i la festa major petita del poble. Per aix\u00f2, despr\u00e9s d\u2019un cap de setmana amb diferents activitats esportives amb molta participaci\u00f3, dem\u00e0 dimarts i dimecres es fan els actes populars i religiosos de la festivitat. La m\u00fasica, les demostracions de cultura popular i els actes religiosos marquen un programa que fa 7 anys va incorporar activitats que han arrelat al municipi com el repic de campanes i el repartiment d\u2019un punt de llibre col\u00b7leccionable.<\/p>\n<p>Dem\u00e0 dimarts, vig\u00edlia de la festa, es fa la renovaci\u00f3 del vot de Santa Anna, moment en qu\u00e8 es reparteix el 8\u00e8 punt de llibre que es fa sobre la patrona i que la gent col\u00b7lecciona any rere any des que es va posar en marxa el 2010. El lliurament de premis del primer concurs de balcons florits i el Toc de Flabiol dels Segadors de Santpedor obriran el seguit d\u2019actes commemoratius que tindran com a moments \u00e0lgids el lliurament de la bandera de Santpedor al Club Recreatiu,\u00a0 l\u2019entitat que l\u2019endem\u00e0 la portar\u00e0 fins al pla de l\u2019Ermita encap\u00e7alant el pelegrinatge a les 7 del mat\u00ed, i el lliurament simb\u00f2lic, a c\u00e0rrec de l\u2019alcalde Xavier Codina, de l\u2019ofrena del poble al rector de la parr\u00f2quia de Sant Pere d\u2019Or.<\/p>\n<p>La tarda finalitzar\u00e0 amb la tradicional mostra de cultura popular, amb les actuacions dels Castellers, la colla bastonera Els Picarols, la Colla Gegantera de Santpedor, els Bous de Foc i la colla sardanista Aires d\u2019Or. En el marc dels actes previs al dia de la patrona\u00a0 tamb\u00e9 tindr\u00e0 lloc, a les 5 de la tarda a la pla\u00e7a Gran, el berenar i ball de Sant Jaume que organitza la llar d\u2019avis de Ca l\u2019Arola.<\/p>\n<p>La diada de Santa Anna comen\u00e7ar\u00e0 a les 6 del mat\u00ed, amb les matinades pel casc antic, de la m\u00e0 dels Grallers de Santpedor. El grup sortir\u00e0 de la pla\u00e7a Gran en un recorregut que portar\u00e0 la m\u00fasica fins a l\u2019ermita de Sant Francesc. Una hora m\u00e9s tard, comen\u00e7aran el cam\u00ed els santpedorencs i santpedorenques que participin a la caminada popular de pelegrinatge a les ermites que encap\u00e7alar\u00e0 la bandera de Santpedor i l\u2019ofrena a la patrona.<\/p>\n<p>A les 9 del mat\u00ed, s\u2019oficiar\u00e0 la missa en honor a Santa Anna amb l\u2019ofrena de poble i l\u2019esmorzar de germanor a base de botifarra a la brasa. Ja a la tarda, l\u2019ermita acollir\u00e0\u00a0 tamb\u00e9 el tradicional rosari i cant dels Goigs, a 2\/4 de 7 de la tarda, davant l\u2019edifici de l\u2019ermita. Despr\u00e9s de les celebracions tindr\u00e0 lloc una audici\u00f3 de sardanes, a c\u00e0rrec de la Cobla Premi\u00e0, que interpretaran la composici\u00f3 \u2018A Santa Anna de Claret\u2019, del mestre Joan L\u00e1zaro.<\/p>\n<p>Dimecres, durant la festa de Santa Anna, hi haur\u00e0 servei de trenet gratu\u00eft fins a l\u2019ermita de Santa Anna. Al mat\u00ed a \u00bc i a \u00be de 9 del mat\u00ed amb sortida des de l\u2019aparcament de Cal Llovet i tornada a les 10, a 2\/4 d\u201911, les 11 i a 2\/4 de 12 amb parada a les piscines municipals, autob\u00fas de la carretera de Navarcles i Cal Llovet. A la tarda hi torna a haver aquest servei entre les 6 i 2\/4 de 10 del vespre.<\/p>\n","protected":false},"excerpt":{"rendered":"<p>Santpedor celebra aquesta setmana Santa Anna, patrona del municipi i la festa major petita del poble. Per aix\u00f2, despr\u00e9s d\u2019un cap de setmana amb diferents activitats esportives amb molta participaci\u00f3, dem\u00e0 dimarts i dimecres es fan els actes populars i religiosos de la festivitat. La m\u00fasica, les demostracions de cultura popular i els actes religiosos [&hellip;]<\/p>\n","protected":false},"author":2,"featured_media":10490,"comment_status":"open","ping_status":"closed","sticky":false,"template":"","format":"standard","meta":{"footnotes":""},"categories":[236,3],"tags":[112,196,113],"class_list":{"0":"post-10489","1":"post","2":"type-post","3":"status-publish","4":"format-standard","5":"has-post-thumbnail","7":"category-entitats-i-cultura","8":"category-noticies","9":"tag-ermita-de-sant-francesc","10":"tag-santa-anna","11":"tag-santpedor"},"_links":{"self":[{"href":"https:\/\/santpedor.net\/radio\/wp-json\/wp\/v2\/posts\/10489","targetHints":{"allow":["GET"]}}],"collection":[{"href":"https:\/\/santpedor.net\/radio\/wp-json\/wp\/v2\/posts"}],"about":[{"href":"https:\/\/santpedor.net\/radio\/wp-json\/wp\/v2\/types\/post"}],"author":[{"embeddable":true,"href":"https:\/\/santpedor.net\/radio\/wp-json\/wp\/v2\/users\/2"}],"replies":[{"embeddable":true,"href":"https:\/\/santpedor.net\/radio\/wp-json\/wp\/v2\/comments?post=10489"}],"version-history":[{"count":0,"href":"https:\/\/santpedor.net\/radio\/wp-json\/wp\/v2\/posts\/10489\/revisions"}],"wp:featuredmedia":[{"embeddable":true,"href":"https:\/\/santpedor.net\/radio\/wp-json\/wp\/v2\/media\/10490"}],"wp:attachment":[{"href":"https:\/\/santpedor.net\/radio\/wp-json\/wp\/v2\/media?parent=10489"}],"wp:term":[{"taxonomy":"category","embeddable":true,"href":"https:\/\/santpedor.net\/radio\/wp-json\/wp\/v2\/categories?post=10489"},{"taxonomy":"post_tag","embeddable":true,"href":"https:\/\/santpedor.net\/radio\/wp-json\/wp\/v2\/tags?post=10489"}],"curies":[{"name":"wp","href":"https:\/\/api.w.org\/{rel}","templated":true}]}}