{"id":10491,"date":"2017-07-25T22:11:10","date_gmt":"2017-07-25T20:11:10","guid":{"rendered":"http:\/\/santpedor.net\/radio\/?p=10491"},"modified":"2017-07-25T22:11:10","modified_gmt":"2017-07-25T20:11:10","slug":"lescola-de-musica-de-santpedor-celebra-20-anys-de-colonies-musicals-abans-de-marxar-de-vacances","status":"publish","type":"post","link":"https:\/\/santpedor.net\/radio\/lescola-de-musica-de-santpedor-celebra-20-anys-de-colonies-musicals-abans-de-marxar-de-vacances\/","title":{"rendered":"L\u2019escola de m\u00fasica de Santpedor celebra 20 anys de col\u00f2nies musicals abans de marxar de vacances"},"content":{"rendered":"<p>Una cinquantena de nens i nenes d\u2019entre 6 i 16 anys han celebrat aquest estiu els 20 anys de col\u00f2nies musicals ininterrompudes organitzades per l\u2019escola municipal de m\u00fasica de Santpedor. Enguany la sortida s\u2019ha fet al Port del Compte i ha perm\u00e8s alsnens i nenes del centre revisar d\u2019una manera l\u00fadica part de l\u2019aprenentatge del curs preparant un concert de m\u00fasica moderna que van interpretar el darrer dia de les col\u00f2nies als pares.<\/p>\n<p>En els 20 anys de col\u00f2nies, el centre que en algunes edicions ha anat amb altres escoles de m\u00fasica de la comarca, ha visitat Tuixent, Bellver de la Cerdanya, Castell de l\u2019Areny, Breda, Sant Lloren\u00e7 de Morunys i ara el Port del Compte. Sempre han tingut una mateixa vocaci\u00f3, \u201cfer unes estades on els nens i nenes vegin que la m\u00fasica \u00e9s una activitat divertida on grans i petits preparen un concert conjuntament i uns ajuden els altres\u201d explica Montserrat Caparr\u00f3s, directora del centre.<\/p>\n<p>L\u2019escola que amb aquests 20 anys confirma la bona salut del centre, tamb\u00e9 ha tancat les inscripcions per al curs que ve abans de marxar de vacances amb un total de 240 estudiants que s\u2019han inscrit d\u2019edats molt variades. Comencen a P3, amb nom\u00e9s 3 anys hi ha els alumnes m\u00e9s joves, i sense edat l\u00edmit perqu\u00e8 al centre hi ha alumnes de m\u00e9s de 70 anys amb moltes ganes d\u2019aprendre, explica Caparr\u00f3s.<\/p>\n<p>Actualment hi ha 11 professors que imparteixen el llenguatge musical i ofereixen ensenyament de 10 instruments diferents: saxo, flauta, clarinet, trompeta, guitarra, viol\u00ed, contrabaix, baix el\u00e8ctric, guitarra el\u00e8ctrica, guitarra cl\u00e0ssica, bateria i piano. Tamb\u00e9 hi ha professora de cant.<\/p>\n<p>L\u20191 de setembre, l\u2019escola reobrir\u00e0 les portes, de 19 a 21 hores i el 4 de setembre es fa la reuni\u00f3 informativa del curs a les 20h, a la sala d\u2019actes del mateix centre.<\/p>\n","protected":false},"excerpt":{"rendered":"<p>Una cinquantena de nens i nenes d\u2019entre 6 i 16 anys han celebrat aquest estiu els 20 anys de col\u00f2nies musicals ininterrompudes organitzades per l\u2019escola municipal de m\u00fasica de Santpedor. Enguany la sortida s\u2019ha fet al Port del Compte i ha perm\u00e8s alsnens i nenes del centre revisar d\u2019una manera l\u00fadica part de l\u2019aprenentatge del [&hellip;]<\/p>\n","protected":false},"author":2,"featured_media":10492,"comment_status":"open","ping_status":"closed","sticky":false,"template":"","format":"standard","meta":{"footnotes":""},"categories":[3,137],"tags":[712,676,113],"class_list":{"0":"post-10491","1":"post","2":"type-post","3":"status-publish","4":"format-standard","5":"has-post-thumbnail","7":"category-noticies","8":"category-societat","9":"tag-escola-municipal-de-musica-de-santpedor","10":"tag-musica","11":"tag-santpedor"},"_links":{"self":[{"href":"https:\/\/santpedor.net\/radio\/wp-json\/wp\/v2\/posts\/10491","targetHints":{"allow":["GET"]}}],"collection":[{"href":"https:\/\/santpedor.net\/radio\/wp-json\/wp\/v2\/posts"}],"about":[{"href":"https:\/\/santpedor.net\/radio\/wp-json\/wp\/v2\/types\/post"}],"author":[{"embeddable":true,"href":"https:\/\/santpedor.net\/radio\/wp-json\/wp\/v2\/users\/2"}],"replies":[{"embeddable":true,"href":"https:\/\/santpedor.net\/radio\/wp-json\/wp\/v2\/comments?post=10491"}],"version-history":[{"count":0,"href":"https:\/\/santpedor.net\/radio\/wp-json\/wp\/v2\/posts\/10491\/revisions"}],"wp:featuredmedia":[{"embeddable":true,"href":"https:\/\/santpedor.net\/radio\/wp-json\/wp\/v2\/media\/10492"}],"wp:attachment":[{"href":"https:\/\/santpedor.net\/radio\/wp-json\/wp\/v2\/media?parent=10491"}],"wp:term":[{"taxonomy":"category","embeddable":true,"href":"https:\/\/santpedor.net\/radio\/wp-json\/wp\/v2\/categories?post=10491"},{"taxonomy":"post_tag","embeddable":true,"href":"https:\/\/santpedor.net\/radio\/wp-json\/wp\/v2\/tags?post=10491"}],"curies":[{"name":"wp","href":"https:\/\/api.w.org\/{rel}","templated":true}]}}