{"id":10505,"date":"2017-07-28T12:48:21","date_gmt":"2017-07-28T10:48:21","guid":{"rendered":"http:\/\/santpedor.net\/radio\/?p=10505"},"modified":"2017-07-28T12:50:47","modified_gmt":"2017-07-28T10:50:47","slug":"la-generalitat-obre-el-proces-per-a-redactar-el-projecte-de-la-nova-escola-la-serreta-de-santpedor","status":"publish","type":"post","link":"https:\/\/santpedor.net\/radio\/la-generalitat-obre-el-proces-per-a-redactar-el-projecte-de-la-nova-escola-la-serreta-de-santpedor\/","title":{"rendered":"La Generalitat obre el proc\u00e9s per a redactar el projecte de la nova escola La Serreta de Santpedor"},"content":{"rendered":"<p>La Generalitat ha obert aquesta setmana el proc\u00e9s per licitar el projecte de la nova escola La Serreta de Santpedor. Ha fet p\u00fabliques les bases que han de seguir les empreses interessades a fer el projecte de la nova escola. El termini per a presentar les propostes acaba el dia 5 de setembre amb la idea que es pugui adjudicar la redacci\u00f3 del projecte a la tardor i es tingui una proposta a principis del 2018.<\/p>\n<p>Les bases que ja s\u2019han publicat al Diari Oficial de la Generalitat estableixen que l\u2019empresa que faci una millor proposta es far\u00e0 c\u00e0rrec de la redacci\u00f3, primer, del projecte b\u00e0sic de la nova escola i, despr\u00e9s, del projecte executiu. La nova escola de la Serreta ser\u00e0 d\u2019una sola l\u00ednia educativa amb 2.320 metres quadrats per\u00f2 l\u2019enc\u00e0rrec que es fa ara deixa la porta oberta a una possible ampliaci\u00f3.<\/p>\n<p>Entre altre coses, la nova escola es preveu que tingui un espai d\u2019educaci\u00f3 infantil i un altre per als alumnes de prim\u00e0ria. Tindr\u00e0 una sola l\u00ednia educativa i capacitat per a 225 alumnes. En la par d\u2019educaci\u00f3 infantil hi ha previst 55 nens i nenes repartits en 3 aules, lavabos per a nens i mestres, aula de psicomotricitat, tutoria i magatzem. En l\u2019espai destinat a educaci\u00f3 prim\u00e0ria hi haur\u00e0 10 aules, 6 per als cursos m\u00e9s una de desdoblament, una de refor\u00e7, una aula espec\u00edfica i una d\u2019inform\u00e0tica. Tamb\u00e9 tindr\u00e0 biblioteca, magatzem i lavabos. Com a espais comuns hi haur\u00e0 gimn\u00e0s, vestidors, magatzem i un escenari. A m\u00e9s, espais de serveis i l\u2019espai reservat per a administraci\u00f3 del centre, consergeria i AMPA.<br \/>\nAnunci en una visita a finals de mar\u00e7<\/p>\n<p>La publicaci\u00f3 al DOG de les bases per licitar aquest projecte \u00e9s el primer pas per fer realitat l\u2019escola despr\u00e9s que a finals de mar\u00e7 el director general de centres p\u00fablics, Llu\u00eds Baulenas, acompanyat del cap del departament d\u2019ensenyament als serveis territorials de la Catalunya Central, Antoni Masseg\u00fa van visitar l\u2019escola La Serreta amb l\u2019alcalde de Santpedor Xavier Codina i el regidor d\u2019ensenyament, Agust\u00ed Comas. Va ser el moment en qu\u00e8 van assumir el comprom\u00eds per fer realitat un projecte que es reclamava des de l\u2019escola des de feia anys. La serreta precisament ha complert enguany el seu des\u00e8 aniversari. Est\u00e0 ubicada en unes cargoleres en un terreny de lloguer, cost que assumeix l\u2019Ajuntament. Precisament el consistori ja t\u00e9 uns terrenys on es podr\u00e0 construir la nova escola.<\/p>\n","protected":false},"excerpt":{"rendered":"<p>La Generalitat ha obert aquesta setmana el proc\u00e9s per licitar el projecte de la nova escola La Serreta de Santpedor. Ha fet p\u00fabliques les bases que han de seguir les empreses interessades a fer el projecte de la nova escola. El termini per a presentar les propostes acaba el dia 5 de setembre amb la [&hellip;]<\/p>\n","protected":false},"author":2,"featured_media":10506,"comment_status":"open","ping_status":"closed","sticky":false,"template":"","format":"standard","meta":{"footnotes":""},"categories":[3,137],"tags":[7,811,650,226,113],"class_list":{"0":"post-10505","1":"post","2":"type-post","3":"status-publish","4":"format-standard","5":"has-post-thumbnail","7":"category-noticies","8":"category-societat","9":"tag-ajuntament","10":"tag-escola","11":"tag-generalitat-de-catalunya","12":"tag-la-serreta","13":"tag-santpedor"},"_links":{"self":[{"href":"https:\/\/santpedor.net\/radio\/wp-json\/wp\/v2\/posts\/10505","targetHints":{"allow":["GET"]}}],"collection":[{"href":"https:\/\/santpedor.net\/radio\/wp-json\/wp\/v2\/posts"}],"about":[{"href":"https:\/\/santpedor.net\/radio\/wp-json\/wp\/v2\/types\/post"}],"author":[{"embeddable":true,"href":"https:\/\/santpedor.net\/radio\/wp-json\/wp\/v2\/users\/2"}],"replies":[{"embeddable":true,"href":"https:\/\/santpedor.net\/radio\/wp-json\/wp\/v2\/comments?post=10505"}],"version-history":[{"count":0,"href":"https:\/\/santpedor.net\/radio\/wp-json\/wp\/v2\/posts\/10505\/revisions"}],"wp:featuredmedia":[{"embeddable":true,"href":"https:\/\/santpedor.net\/radio\/wp-json\/wp\/v2\/media\/10506"}],"wp:attachment":[{"href":"https:\/\/santpedor.net\/radio\/wp-json\/wp\/v2\/media?parent=10505"}],"wp:term":[{"taxonomy":"category","embeddable":true,"href":"https:\/\/santpedor.net\/radio\/wp-json\/wp\/v2\/categories?post=10505"},{"taxonomy":"post_tag","embeddable":true,"href":"https:\/\/santpedor.net\/radio\/wp-json\/wp\/v2\/tags?post=10505"}],"curies":[{"name":"wp","href":"https:\/\/api.w.org\/{rel}","templated":true}]}}