{"id":10509,"date":"2017-08-03T09:14:39","date_gmt":"2017-08-03T07:14:39","guid":{"rendered":"http:\/\/santpedor.net\/radio\/?p=10509"},"modified":"2017-08-03T09:14:39","modified_gmt":"2017-08-03T07:14:39","slug":"la-baixada-de-latur-a-catalunya-no-arriba-a-santpedor","status":"publish","type":"post","link":"https:\/\/santpedor.net\/radio\/la-baixada-de-latur-a-catalunya-no-arriba-a-santpedor\/","title":{"rendered":"La baixada de l&#8217;atur a Catalunya no arriba a Santpedor"},"content":{"rendered":"<p>Despr\u00e9s d&#8217;una gran davallada que va deixar la desocupaci\u00f3 a Santpedor a m\u00ednims de r\u00e8cord que no es veien des d&#8217;abans de la crisi, l&#8217;atur ha fet un considerable augment en un sol mes. Acabat el mes de juliol hi havia 300 persones desocupades al poble. Tot i que Santpedor \u00e9s un dels pobles de la comarca que en els \u00faltims mesos mostra uns percentatges d&#8217;atur m\u00e9s baixos i din\u00e0miques positives d&#8217;acceleraci\u00f3 econ\u00f2mica, el cert \u00e9s que sorpr\u00e8n aquest sensible increment en ple estiu, una temporada en qu\u00e8 normalment l&#8217;atur baixa per s\u00ed sola com a efecte de les contractacions temporals relacionades amb aquesta \u00e8poca de l&#8217;any. Val a dir, per\u00f2, que igual que a Santpedor, a moltes poblacions de la comarca i al Bages en conjunt, hi ha hagut tamb\u00e9 un retroc\u00e9s amb l&#8217;atur, potser explicat precisament perqu\u00e8 la Catalunya Central no \u00e9s una zona molt tur\u00edstica que generi aquest tipus de contractes de temporada.<\/p>\n<p>La situaci\u00f3 de Santpedor i el Bages contrasta amb la de Catalunya i el conjunt de l&#8217;estat, on &#8216;atur ha caigut un 1,04 i un 0,8% respectivament. S\u00f3n dades que un mes m\u00e9s ha ofert l&#8217;Observatori del Treball i el Model Productiu de la Generalitat de Catalunya.<\/p>\n","protected":false},"excerpt":{"rendered":"<p>Despr\u00e9s d&#8217;una gran davallada que va deixar la desocupaci\u00f3 a Santpedor a m\u00ednims de r\u00e8cord que no es veien des d&#8217;abans de la crisi, l&#8217;atur ha fet un considerable augment en un sol mes. Acabat el mes de juliol hi havia 300 persones desocupades al poble. Tot i que Santpedor \u00e9s un dels pobles de [&hellip;]<\/p>\n","protected":false},"author":6,"featured_media":4141,"comment_status":"open","ping_status":"closed","sticky":false,"template":"","format":"standard","meta":{"footnotes":""},"categories":[3,136],"tags":[45,17,184,465,948,650,113],"class_list":{"0":"post-10509","1":"post","2":"type-post","3":"status-publish","4":"format-standard","5":"has-post-thumbnail","7":"category-noticies","8":"category-politica-i-economia","9":"tag-atur","10":"tag-bages","11":"tag-catalunya","12":"tag-desocupacio","13":"tag-estat","14":"tag-generalitat-de-catalunya","15":"tag-santpedor"},"_links":{"self":[{"href":"https:\/\/santpedor.net\/radio\/wp-json\/wp\/v2\/posts\/10509","targetHints":{"allow":["GET"]}}],"collection":[{"href":"https:\/\/santpedor.net\/radio\/wp-json\/wp\/v2\/posts"}],"about":[{"href":"https:\/\/santpedor.net\/radio\/wp-json\/wp\/v2\/types\/post"}],"author":[{"embeddable":true,"href":"https:\/\/santpedor.net\/radio\/wp-json\/wp\/v2\/users\/6"}],"replies":[{"embeddable":true,"href":"https:\/\/santpedor.net\/radio\/wp-json\/wp\/v2\/comments?post=10509"}],"version-history":[{"count":0,"href":"https:\/\/santpedor.net\/radio\/wp-json\/wp\/v2\/posts\/10509\/revisions"}],"wp:featuredmedia":[{"embeddable":true,"href":"https:\/\/santpedor.net\/radio\/wp-json\/wp\/v2\/media\/4141"}],"wp:attachment":[{"href":"https:\/\/santpedor.net\/radio\/wp-json\/wp\/v2\/media?parent=10509"}],"wp:term":[{"taxonomy":"category","embeddable":true,"href":"https:\/\/santpedor.net\/radio\/wp-json\/wp\/v2\/categories?post=10509"},{"taxonomy":"post_tag","embeddable":true,"href":"https:\/\/santpedor.net\/radio\/wp-json\/wp\/v2\/tags?post=10509"}],"curies":[{"name":"wp","href":"https:\/\/api.w.org\/{rel}","templated":true}]}}