{"id":10511,"date":"2017-08-03T09:36:16","date_gmt":"2017-08-03T07:36:16","guid":{"rendered":"http:\/\/santpedor.net\/radio\/?p=10511"},"modified":"2017-08-03T09:36:16","modified_gmt":"2017-08-03T07:36:16","slug":"ja-es-poden-comprar-tiquets-per-anar-a-la-manifestacio-de-l11-s-des-de-santpedor-i-castellnou","status":"publish","type":"post","link":"https:\/\/santpedor.net\/radio\/ja-es-poden-comprar-tiquets-per-anar-a-la-manifestacio-de-l11-s-des-de-santpedor-i-castellnou\/","title":{"rendered":"Ja es poden comprar tiquets per anar a la manifestaci\u00f3 de l11-s des de Santpedor i Castellnou"},"content":{"rendered":"<p>Com cada any -almenys des de fa un lustre- per aquestes dates, comencen els preparatius per convertir la diada de Catalunya, l&#8217;onze de setembre, en una gran manifestaci\u00f3. Aquest \u00e9s l&#8217;objectiu de l&#8217;ANC com a entitat organitzadora de les grans manifestacions sobiranistes dels \u00faltims anys. A Santpedor i Castellnou de Bages, la delegaci\u00f3 territorial de l&#8217;ANC ja ho t\u00e9 tot llest perqu\u00e8 qui vulgui pugui apuntar-se a la concentraci\u00f3 sobiranista de l&#8217;11-s i despla\u00e7ar-s&#8217;hi en bus des del poble. Els tiquets costen 10 euros i es poden comprar a les llibreries Horitz\u00f3 i Timbaler, on tamb\u00e9 es pot comprar la samarreta groga -15 euros la d&#8217;adult, 8 la de nen- amb qu\u00e8 l&#8217;organitzaci\u00f3 vol tenyir la capital per la diada.<\/p>\n<p>I \u00e9s que enguany l&#8217;ANC t\u00e9 prevista una gran &#8216;performance&#8217; col\u00b7lectiva per ensenyar al m\u00f3n que el proc\u00e9s sobiranista va en serio i est\u00e0 a les acaballes. De fet, des de la pr\u00f2pia entitat s&#8217;assegura que aquesta ha de ser la \u00faltima gran manifestaci\u00f3 per la independ\u00e8ncia, en vistes al refer\u00e8ndum per la independ\u00e8ncia previst per l&#8217;1 d&#8217;octubre. Enguany es volen omplir l&#8217;encreuament entre el Passeig de Gr\u00e0cia i el carrer Arag\u00f3 tot formant una creu. Quatre cartolines gegants amb el text &#8216;S\u00ed&#8217; sortiran a les 17:14h sostingudes per la gent a l&#8217;aire i es trobaran a la cru\u00eflla on s&#8217;ajuntaran en una de sola. A mesura que les cartolines avancin la gent es canviar\u00e0 la samarreta per la groga d&#8217;aquest any, tot simbolitzant el canvi cap a la rep\u00fablica catalana.<\/p>\n<p>Tasca ANC Santpedor-Castellnou<\/p>\n<p>Val a dir que durant els \u00faltims mesos l&#8217;ANC de Santpedor i Castellnou de Bages no ha estat de bra\u00e7os plegats. A part de col\u00b7laborar en els preparatius per la organitzaci\u00f3 d&#8217;aquest gran esdeveniment, van posar en marxa al mar\u00e7 un programa setmanal d&#8217;informaci\u00f3 i debat sobre els grans eixos que haurien de configurar un futur estat catal\u00e0. El programa es diu &#8216;Fent Pa\u00eds&#8217; i ha comptat amb la col\u00b7laboraci\u00f3 dels propis membres de l&#8217;ANC i col\u00b7laboradors i convidats experts en diferents mat\u00e8ries, amb els quals s&#8217;ha parlat i debatut sobre temes com l&#8217;esport, l&#8217;educaci\u00f3, el ferrocaril, la rep\u00fablica, o el propi dret a decidir. Podeu recuperar tots els <a href=\"http:\/\/santpedor.net\/radio\/pais-informat\/\">podcasts i \u00e0udios de &#8216;Pa\u00eds Informat&#8217; aqu\u00ed.<\/a><\/p>\n","protected":false},"excerpt":{"rendered":"<p>Com cada any -almenys des de fa un lustre- per aquestes dates, comencen els preparatius per convertir la diada de Catalunya, l&#8217;onze de setembre, en una gran manifestaci\u00f3. Aquest \u00e9s l&#8217;objectiu de l&#8217;ANC com a entitat organitzadora de les grans manifestacions sobiranistes dels \u00faltims anys. A Santpedor i Castellnou de Bages, la delegaci\u00f3 territorial de [&hellip;]<\/p>\n","protected":false},"author":6,"featured_media":10512,"comment_status":"open","ping_status":"closed","sticky":false,"template":"","format":"standard","meta":{"footnotes":""},"categories":[3,137],"tags":[950,951,187,29,114,949,113],"class_list":{"0":"post-10511","1":"post","2":"type-post","3":"status-publish","4":"format-standard","5":"has-post-thumbnail","7":"category-noticies","8":"category-societat","9":"tag-11s","10":"tag-1o","11":"tag-anc","12":"tag-castellnou-de-bages","13":"tag-independencia","14":"tag-pais-informat","15":"tag-santpedor"},"_links":{"self":[{"href":"https:\/\/santpedor.net\/radio\/wp-json\/wp\/v2\/posts\/10511","targetHints":{"allow":["GET"]}}],"collection":[{"href":"https:\/\/santpedor.net\/radio\/wp-json\/wp\/v2\/posts"}],"about":[{"href":"https:\/\/santpedor.net\/radio\/wp-json\/wp\/v2\/types\/post"}],"author":[{"embeddable":true,"href":"https:\/\/santpedor.net\/radio\/wp-json\/wp\/v2\/users\/6"}],"replies":[{"embeddable":true,"href":"https:\/\/santpedor.net\/radio\/wp-json\/wp\/v2\/comments?post=10511"}],"version-history":[{"count":0,"href":"https:\/\/santpedor.net\/radio\/wp-json\/wp\/v2\/posts\/10511\/revisions"}],"wp:featuredmedia":[{"embeddable":true,"href":"https:\/\/santpedor.net\/radio\/wp-json\/wp\/v2\/media\/10512"}],"wp:attachment":[{"href":"https:\/\/santpedor.net\/radio\/wp-json\/wp\/v2\/media?parent=10511"}],"wp:term":[{"taxonomy":"category","embeddable":true,"href":"https:\/\/santpedor.net\/radio\/wp-json\/wp\/v2\/categories?post=10511"},{"taxonomy":"post_tag","embeddable":true,"href":"https:\/\/santpedor.net\/radio\/wp-json\/wp\/v2\/tags?post=10511"}],"curies":[{"name":"wp","href":"https:\/\/api.w.org\/{rel}","templated":true}]}}