{"id":10517,"date":"2017-08-09T18:42:13","date_gmt":"2017-08-09T16:42:13","guid":{"rendered":"http:\/\/santpedor.net\/radio\/?p=10517"},"modified":"2017-08-09T18:44:03","modified_gmt":"2017-08-09T16:44:03","slug":"santpedor-es-el-segon-municipi-del-bages-on-la-fundacio-humana-recull-mes-roba","status":"publish","type":"post","link":"https:\/\/santpedor.net\/radio\/santpedor-es-el-segon-municipi-del-bages-on-la-fundacio-humana-recull-mes-roba\/","title":{"rendered":"Santpedor \u00e9s el segon municipi del Bages on la Fundaci\u00f3 Humana recull m\u00e9s roba"},"content":{"rendered":"<p>Santpedor encap\u00e7ala, juntament amb Sant Joan de Vilatorrada, la llista de municipis on la Fundaci\u00f3 Humana ha recollit m\u00e9s roba a la comarca, 20,8 tones. Fins a 92.625 quilos de t\u00e8xtil usat s&#8217;han recollit al Bages durant el primer semestre de l&#8217;any, el 7,48% m\u00e9s respecte al mateix per\u00edode de l&#8217;any anterior (86.180 quilos).<\/p>\n<p>L&#8217;organitzaci\u00f3 t\u00e9 instal\u00b7lats contenidors en 15 municipis on els ciutadans dipositen la roba, el cal\u00e7at, els complements i el t\u00e8xtil de la llar que ja no utilitzen i als quals Humana d\u00f3na una segona vida. Els municipis on l&#8217;entitat recull m\u00e9s roba s\u00f3n Sant Joan de Vilator-rada, amb 20,9 tones recollides durant el primer semestre de l&#8217;any, i Santpedor, amb 20,8. Els segueixen Sant Vicen\u00e7 de Castellet (8,3), Navarcles (8), Sant Fruit\u00f3s de Bages (7,6) i Manresa (5,1).<\/p>\n<p>El servei de recollida del t\u00e8xtil \u00e9s gratu\u00eft i representa un estalvi important en les despeses de recollida i eliminaci\u00f3 de residus s\u00f2lids urbans. Humana Fundaci\u00f3n Pueblo para Pueblo promou, des del 1987, la protecci\u00f3 del medi ambient mitjan\u00e7ant la reutilitzaci\u00f3 del t\u00e8xtil i du a terme programes de cooperaci\u00f3 a l&#8217;\u00c0frica, Am\u00e8rica Llatina i l&#8217;\u00c0sia, i tamb\u00e9 d&#8217;ajuda local al territori m\u00e9s proper. A Catalunya, l&#8217;entitat sense \u00e0nim de lucre ha recollit 2.430 tones de gener a juny, el 4,58% m\u00e9s que al mateix per\u00edode de l&#8217;any anterior (2.324). En 30 anys de recollida selectiva s&#8217;han recuperat 276.144 tones de roba a l&#8217;estat espanyol.<\/p>\n","protected":false},"excerpt":{"rendered":"<p>Santpedor encap\u00e7ala, juntament amb Sant Joan de Vilatorrada, la llista de municipis on la Fundaci\u00f3 Humana ha recollit m\u00e9s roba a la comarca, 20,8 tones. Fins a 92.625 quilos de t\u00e8xtil usat s&#8217;han recollit al Bages durant el primer semestre de l&#8217;any, el 7,48% m\u00e9s respecte al mateix per\u00edode de l&#8217;any anterior (86.180 quilos). L&#8217;organitzaci\u00f3 [&hellip;]<\/p>\n","protected":false},"author":6,"featured_media":10518,"comment_status":"open","ping_status":"closed","sticky":false,"template":"","format":"standard","meta":{"footnotes":""},"categories":[3,137],"tags":[17,954,955,113],"class_list":{"0":"post-10517","1":"post","2":"type-post","3":"status-publish","4":"format-standard","5":"has-post-thumbnail","7":"category-noticies","8":"category-societat","9":"tag-bages","10":"tag-humana","11":"tag-roba","12":"tag-santpedor"},"_links":{"self":[{"href":"https:\/\/santpedor.net\/radio\/wp-json\/wp\/v2\/posts\/10517","targetHints":{"allow":["GET"]}}],"collection":[{"href":"https:\/\/santpedor.net\/radio\/wp-json\/wp\/v2\/posts"}],"about":[{"href":"https:\/\/santpedor.net\/radio\/wp-json\/wp\/v2\/types\/post"}],"author":[{"embeddable":true,"href":"https:\/\/santpedor.net\/radio\/wp-json\/wp\/v2\/users\/6"}],"replies":[{"embeddable":true,"href":"https:\/\/santpedor.net\/radio\/wp-json\/wp\/v2\/comments?post=10517"}],"version-history":[{"count":0,"href":"https:\/\/santpedor.net\/radio\/wp-json\/wp\/v2\/posts\/10517\/revisions"}],"wp:featuredmedia":[{"embeddable":true,"href":"https:\/\/santpedor.net\/radio\/wp-json\/wp\/v2\/media\/10518"}],"wp:attachment":[{"href":"https:\/\/santpedor.net\/radio\/wp-json\/wp\/v2\/media?parent=10517"}],"wp:term":[{"taxonomy":"category","embeddable":true,"href":"https:\/\/santpedor.net\/radio\/wp-json\/wp\/v2\/categories?post=10517"},{"taxonomy":"post_tag","embeddable":true,"href":"https:\/\/santpedor.net\/radio\/wp-json\/wp\/v2\/tags?post=10517"}],"curies":[{"name":"wp","href":"https:\/\/api.w.org\/{rel}","templated":true}]}}