{"id":10522,"date":"2017-08-10T17:53:23","date_gmt":"2017-08-10T15:53:23","guid":{"rendered":"http:\/\/santpedor.net\/radio\/?p=10522"},"modified":"2017-08-10T18:15:48","modified_gmt":"2017-08-10T16:15:48","slug":"la-festa-major-del-cel-arriba-dissabte","status":"publish","type":"post","link":"https:\/\/santpedor.net\/radio\/la-festa-major-del-cel-arriba-dissabte\/","title":{"rendered":"La Festa Major del cel arriba dissabte"},"content":{"rendered":"<p>La nit de dissabte a diumenge toca mirar el cel. Els santpedorencs tenen aquella matinada la gran cita astron\u00f2mica de l&#8217;estiu: la pluja d&#8217;estels, popularment coneguda com a <strong>ll\u00e0grimes de Sant Lloren\u00e7. <\/strong>Encara que el fenomen s&#8217;est\u00e9n des de Sant Jaume fins al 17 d&#8217;agost, el pic de m\u00e9s intensitat tindr\u00e0 lloc la nit de dissabte dissabte amb m\u00e0xims que podrien arribar a les <strong>cent estrelles per hora.<\/strong><\/p>\n<p>En aquesta ocasi\u00f3, per\u00f2, els perseids tindran companyia: la Lluna. El sat\u00e8l\u00b7lit es trobar\u00e0 en transici\u00f3 de lluna plena a quart minvant que, amb un 72% de visibilitat, dificultar\u00e0 la seva percepci\u00f3. Malgrat la seva claror, per\u00f2, la cita segueix sent un cl\u00e0ssic en el calendari d&#8217;estiu de molts bagencs.<\/p>\n<p>Per aconseguir veure els estels el m\u00e0xim de n\u00edtids possible, s&#8217;ha de buscar un lloc fosc -allunyat de la contaminaci\u00f3 lum\u00ednica- i que no tingui obstacles com edificis o arbres. Tot i que la millor hora sol ser entre les 2 i les 3 de la matinada, en aquesta ocasi\u00f3 s&#8217;aconsella contemplar-los a la mitjanit, per tal d&#8217;evitar la claror lunar. Els experts tamb\u00e9 recomanen no utilitzar instruments \u00f2ptics que limitin el camp de visi\u00f3. Ho repassa la membre de l&#8217;Agrupaci\u00f3 Astron\u00f2mica de Manresa, N\u00faria Camps:<\/p>\n<audio class=\"wp-audio-shortcode\" id=\"audio-10522-1\" preload=\"none\" style=\"width: 100%;\" controls=\"controls\"><source type=\"audio\/mpeg\" src=\"http:\/\/santpedor.net\/radio\/wp-content\/uploads\/2017\/08\/T-N\u00faria-Camps-Agrupaci\u00f3-Astron\u00f2mica-de-Manresa.mp3?_=1\" \/><a href=\"http:\/\/santpedor.net\/radio\/wp-content\/uploads\/2017\/08\/T-N\u00faria-Camps-Agrupaci\u00f3-Astron\u00f2mica-de-Manresa.mp3\">http:\/\/santpedor.net\/radio\/wp-content\/uploads\/2017\/08\/T-N\u00faria-Camps-Agrupaci\u00f3-Astron\u00f2mica-de-Manresa.mp3<\/a><\/audio>\n<p>La paci\u00e8ncia tamb\u00e9 \u00e9s important, ja que cal esperar que els ulls s&#8217;adaptin a la foscor i el proc\u00e9s pot tardar uns 30 minuts.<\/p>\n<p><span style=\"color: #000000;\">A <strong>Santpedor i Castellnou de Bages<\/strong> hi ha bones opcions per contemplar les Ll\u00e0grimes de Sant Lloren\u00e7, com la La Torre del Moro, un indret elevat i allunyat d\u2019interfer\u00e8ncies lum\u00edniques. Tamb\u00e9 a Castellnou, a la carretera, trobareu camins i marges que condueixen a descampats i boscos a\u00efllats des d\u2019on es pot observar n\u00edtidament el cel. A Santpedor, un bon lloc seran els turons del voltant del Mirador de Montserrat.<br \/>\n<\/span><\/p>\n<p>Per tots aquells que no tindran la possibilitat de veure en directe l&#8217;espectacle astron\u00f2mic, el portal <strong><em>Sky Live<\/em><\/strong> (<i>sky-live.tv<\/i>) en col\u00b7laboraci\u00f3 amb el projecte europeu STARS4ALL, retransmetr\u00e0 la pluja d\u2019estrelles en directe a trav\u00e9s d\u2019Internet. Durar\u00e0 un total de seixanta minuts (des de les 12 de la nit fins a la 1 de la matinada) i <a href=\"http:\/\/youtu.be\/-Y1nfBn_UGE\">podr\u00e0 visualitzar-se a YouTube<\/a>.<\/p>\n<h5><strong>Els or\u00edgens<\/strong><\/h5>\n<p>Les ll\u00e0grimes de Sant Lloren\u00e7 s\u00f3n les restes de pols del <strong>cometa 109P\/Swift-Tuttle<\/strong> que deixa quan entra en contacte amb l&#8217;atmosfera de la terra i es volatilitzen tot produint un efecte llumin\u00f3s: els meteors. Es tracta d&#8217;un cometa peri\u00f2dic que fa la volta al Sol cada 135 anys, de manera que la pluja d\u2019estels estival no \u00e9s un fenomen a\u00efllat sin\u00f3 que es repeteix. Cada vegada que el Swift-Tuttle passa per l\u2019interior del sistema solar, el Sol escalfa i estova els seus materials i fa que alliberi restes de pols i part\u00edcules durant la seva traject\u00f2ria. La majoria s\u00f3n tan petites com un gra de sorra, i quan es creuen amb el nostre planeta impacten contra l&#8217;atmosfera a una velocitat superior als <strong>210.000 quil\u00f2metres per hora, uns 500 cops m\u00e9s r\u00e0pid que un cotxe embalat.<\/strong><\/p>\n","protected":false},"excerpt":{"rendered":"<p>La nit de dissabte a diumenge toca mirar el cel. Els santpedorencs tenen aquella matinada la gran cita astron\u00f2mica de l&#8217;estiu: la pluja d&#8217;estels, popularment coneguda com a ll\u00e0grimes de Sant Lloren\u00e7. Encara que el fenomen s&#8217;est\u00e9n des de Sant Jaume fins al 17 d&#8217;agost, el pic de m\u00e9s intensitat tindr\u00e0 lloc la nit de [&hellip;]<\/p>\n","protected":false},"author":2,"featured_media":5341,"comment_status":"open","ping_status":"closed","sticky":false,"template":"","format":"standard","meta":{"footnotes":""},"categories":[3,137],"tags":[17,960,498,959,958,957,27,28,113],"class_list":{"0":"post-10522","1":"post","2":"type-post","3":"status-publish","4":"format-standard","5":"has-post-thumbnail","7":"category-noticies","8":"category-societat","9":"tag-bages","10":"tag-estrelles","11":"tag-llagrimes-de-sant-llorenc","12":"tag-lluna","13":"tag-nit","14":"tag-perseids","15":"tag-sallent","16":"tag-sant-fruitos-de-bages","17":"tag-santpedor"},"_links":{"self":[{"href":"https:\/\/santpedor.net\/radio\/wp-json\/wp\/v2\/posts\/10522","targetHints":{"allow":["GET"]}}],"collection":[{"href":"https:\/\/santpedor.net\/radio\/wp-json\/wp\/v2\/posts"}],"about":[{"href":"https:\/\/santpedor.net\/radio\/wp-json\/wp\/v2\/types\/post"}],"author":[{"embeddable":true,"href":"https:\/\/santpedor.net\/radio\/wp-json\/wp\/v2\/users\/2"}],"replies":[{"embeddable":true,"href":"https:\/\/santpedor.net\/radio\/wp-json\/wp\/v2\/comments?post=10522"}],"version-history":[{"count":0,"href":"https:\/\/santpedor.net\/radio\/wp-json\/wp\/v2\/posts\/10522\/revisions"}],"wp:featuredmedia":[{"embeddable":true,"href":"https:\/\/santpedor.net\/radio\/wp-json\/wp\/v2\/media\/5341"}],"wp:attachment":[{"href":"https:\/\/santpedor.net\/radio\/wp-json\/wp\/v2\/media?parent=10522"}],"wp:term":[{"taxonomy":"category","embeddable":true,"href":"https:\/\/santpedor.net\/radio\/wp-json\/wp\/v2\/categories?post=10522"},{"taxonomy":"post_tag","embeddable":true,"href":"https:\/\/santpedor.net\/radio\/wp-json\/wp\/v2\/tags?post=10522"}],"curies":[{"name":"wp","href":"https:\/\/api.w.org\/{rel}","templated":true}]}}