{"id":10559,"date":"2017-08-24T17:35:47","date_gmt":"2017-08-24T15:35:47","guid":{"rendered":"http:\/\/santpedor.net\/radio\/?p=10559"},"modified":"2017-08-24T17:35:47","modified_gmt":"2017-08-24T15:35:47","slug":"el-castell-de-focs-de-manresa-reforca-el-dispositiu-de-seguretat","status":"publish","type":"post","link":"https:\/\/santpedor.net\/radio\/el-castell-de-focs-de-manresa-reforca-el-dispositiu-de-seguretat\/","title":{"rendered":"El Castell de Focs de Manresa refor\u00e7a el dispositiu de seguretat"},"content":{"rendered":"<p>Diumenge arriba una de les cites m\u00e9s esperades del Bages: <strong>el Castell de Focs de Manresa<\/strong>. Per garantir la seguretat ciutadana, la cita comptar\u00e0 amb un dispositiu especial coordinat per la Policia Local de Sant Fruit\u00f3s de Bages, la de Manresa, la de Santpedor i per Protecci\u00f3 Civil.<\/p>\n<p>Des de les 5 de la tarda <strong>es tancaran tots els accessos al tr\u00e0nsit a l\u2019entorn del Parc<\/strong>, tan des de Manresa com des de Sant Fruit\u00f3s de Bages. Tot i aix\u00f2, a partir de les 2 del migdia <strong>quedar\u00e0 prohibit l\u2019estacionament als aparcaments del costat del Berenador<\/strong>. En aquest sentit, els cossos de seguretat recomanen fer \u00fas de les zones habilitades per a l\u2019aparcament a Pineda de Bages. Per a les <strong>persones amb mobilitat redu\u00efda<\/strong> s\u2019han habilitat zones d\u2019aparcament a les immediateses del recinte. Des de la Policia Local de Sant Fruit\u00f3s de Bages es recomana als visitants accedir amb el temps suficient al parc per poder gaudir tranquil\u00b7lament de l\u2019espectacle i no estacionar en les zones de seguretat habilitades, ja que no es permetr\u00e0 sortir amb el cotxe fins al restabliment de la circulaci\u00f3 i la reobertura al tr\u00e0nsit rodat.<\/p>\n<p>Pel que fa al dispositiu de seguretat del castell de foc, doncs, la t\u00e8cnica de Protecci\u00f3 Civil de l\u2019Ajuntament de Manresa, Montse Cambray, assegura que es tracta d\u2019una activitat temporal on l\u2019acte de foc acumula <strong>180kg <\/strong>de mat\u00e8ria reglamentada dels artificis de pirot\u00e8cnia. Cambrany afegeix que l\u2019acte es fa en un espai delimitat amb un aforament superior a les 20.000 persones i, per tant, \u00e9s una activitat d\u2019inter\u00e8s per a la Protecci\u00f3 Civil Auton\u00f2mica que requereix un Pla d\u2019Autoprotecci\u00f3.<\/p>\n<p>En aquest sentit, Cambray ha destacat que \u201cla novetat d\u2019enguany \u00e9s que hi ha una reducci\u00f3 de la pirot\u00e8cnia en el castell de focs i un augment al correfoc. El muntatge de la pirot\u00e8cnia al Parc de l\u2019Agulla es dur\u00e0 a terme un dia abans, i no al mateix dia com s\u2019havia fet altres anys\u201d.<\/p>\n<h4><strong>El Pla d\u2019Autoprotecci\u00f3 del Castell de Focs<\/strong><\/h4>\n<p>El Centre de Control Alarma i Comunicacions es muntar\u00e0 dins del Parc de l\u2019Agulla, al costat del Cam\u00ed dels Ametllers. Al costat es muntar\u00e0 l\u2019hospital de campanya. Creu Roja hi ser\u00e0 present amb el corresponent coordinador, 10 sanitaris a peu, 2 ambul\u00e0ncies Classe B i 1 ambul\u00e0ncia Classe C.<\/p>\n<p>A m\u00e9s a m\u00e9s, tamb\u00e9 i haur\u00e0 15 voluntaris de Creu Roja als accessos del Parc que repartiran m\u00e9s de\u00a0<strong>3000 polseres identificatives<\/strong>\u00a0(1000 m\u00e9s que l\u2019any passat) pels nens menors d\u2019edat, per tal que, en cas de p\u00e8rdua, es puguin localitzar amb rapidesa i seguretat i puguin retornar amb als seus pares o tutors.<\/p>\n<p>S\u2019aconsella als pares o tutors dels nens menors, que aquests portin algun tipus d\u2019identificaci\u00f3 en el cas de no tenir aquestes polseres. Tamb\u00e9 hi haur\u00e0 una caixa de polseres a l\u2019Oficina d\u2019Atenci\u00f3 al Ciutad\u00e0 (OAC) pels que les vulguin anar a recollir all\u00e0. Aquest any Aig\u00fces de Manresa torna a cedir 1 socorrista aqu\u00e0tic amb l\u2019embarcaci\u00f3 i el corresponent barquer. Tota la pirot\u00e8cnia de l\u2019espectacle\u00a0<strong>es comen\u00e7ar\u00e0 a muntar el dia abans, el 26 d\u2019agost<\/strong>. Tant a la zona de seguretat com a la zona de llan\u00e7ament hi haur\u00e0 la pres\u00e8ncia de vigilants de seguretat privada.<\/p>\n<p>Per afrontar possibles incendis, es comptar\u00e0 amb la pres\u00e8ncia de l\u2019ADF Pla de Bages amb uns 10 voluntaris, un cami\u00f3 i dos tot terrenys equipats amb motobomba.<\/p>\n<p>En el Centre de Control d\u2019Alarma i Comunicacions de Protecci\u00f3 Civil es comptar\u00e0 amb la pres\u00e8ncia dels representants de cada grup operatiu que col\u00b7laboraran durant tot l\u2019acte: Policia Local de Manresa, Policia Local de Sant Fruit\u00f3s, Policia Local de Santpedor, Mossos d\u2019Esquadra de Seguretat Ciutadana i de Tr\u00e0nsit, Policia Nacional, Guardia Civil, ADF Pla de Bages, Creu Roja, SEM, i els serveis de Manteniment i Cultura de l\u2019Ajuntament de Manresa.<\/p>\n","protected":false},"excerpt":{"rendered":"<p>Diumenge arriba una de les cites m\u00e9s esperades del Bages: el Castell de Focs de Manresa. Per garantir la seguretat ciutadana, la cita comptar\u00e0 amb un dispositiu especial coordinat per la Policia Local de Sant Fruit\u00f3s de Bages, la de Manresa, la de Santpedor i per Protecci\u00f3 Civil. Des de les 5 de la tarda [&hellip;]<\/p>\n","protected":false},"author":6,"featured_media":10560,"comment_status":"open","ping_status":"closed","sticky":false,"template":"","format":"standard","meta":{"footnotes":""},"categories":[3,137],"tags":[967,966,666,695,416,113,968],"class_list":{"0":"post-10559","1":"post","2":"type-post","3":"status-publish","4":"format-standard","5":"has-post-thumbnail","7":"category-noticies","8":"category-societat","9":"tag-castell-de-focs","10":"tag-festa-major-de-manresa","11":"tag-manresa","12":"tag-policia","13":"tag-policia-local","14":"tag-santpedor","15":"tag-seguretat"},"_links":{"self":[{"href":"https:\/\/santpedor.net\/radio\/wp-json\/wp\/v2\/posts\/10559","targetHints":{"allow":["GET"]}}],"collection":[{"href":"https:\/\/santpedor.net\/radio\/wp-json\/wp\/v2\/posts"}],"about":[{"href":"https:\/\/santpedor.net\/radio\/wp-json\/wp\/v2\/types\/post"}],"author":[{"embeddable":true,"href":"https:\/\/santpedor.net\/radio\/wp-json\/wp\/v2\/users\/6"}],"replies":[{"embeddable":true,"href":"https:\/\/santpedor.net\/radio\/wp-json\/wp\/v2\/comments?post=10559"}],"version-history":[{"count":0,"href":"https:\/\/santpedor.net\/radio\/wp-json\/wp\/v2\/posts\/10559\/revisions"}],"wp:featuredmedia":[{"embeddable":true,"href":"https:\/\/santpedor.net\/radio\/wp-json\/wp\/v2\/media\/10560"}],"wp:attachment":[{"href":"https:\/\/santpedor.net\/radio\/wp-json\/wp\/v2\/media?parent=10559"}],"wp:term":[{"taxonomy":"category","embeddable":true,"href":"https:\/\/santpedor.net\/radio\/wp-json\/wp\/v2\/categories?post=10559"},{"taxonomy":"post_tag","embeddable":true,"href":"https:\/\/santpedor.net\/radio\/wp-json\/wp\/v2\/tags?post=10559"}],"curies":[{"name":"wp","href":"https:\/\/api.w.org\/{rel}","templated":true}]}}