{"id":10609,"date":"2017-09-07T12:56:50","date_gmt":"2017-09-07T10:56:50","guid":{"rendered":"http:\/\/santpedor.net\/radio\/?p=10609"},"modified":"2017-09-07T12:56:50","modified_gmt":"2017-09-07T10:56:50","slug":"santpedor-es-desplacara-en-massa-per-assistir-a-la-mobilitzacio-independentista-de-la-diada","status":"publish","type":"post","link":"https:\/\/santpedor.net\/radio\/santpedor-es-desplacara-en-massa-per-assistir-a-la-mobilitzacio-independentista-de-la-diada\/","title":{"rendered":"Santpedor es despla\u00e7ar\u00e0 en massa per assistir a la mobilitzaci\u00f3 independentista de la diada"},"content":{"rendered":"<p>M\u00e9s de 900 persones de Santpedor i Castellnou de Bages ja s&#8217;han inscrit per participar a la gran mobilitzaci\u00f3 independentista que l&#8217;ANC est\u00e0 preparant per la diada de Catalunya, el proper dilluns onze de setembre. D&#8217;aquests, m\u00e9s de 200 es despla\u00e7aran a Barcelona en algun dels 5 busos, de 55 places cada un, que l&#8217;ANC de Santpedor i Castellnou de Bages ha llogat per dilluns. Un d&#8217;aquests busos, per\u00f2, ser\u00e0 \u00edntegrament pels Castellers de Santpedor, que un any m\u00e9s es despla\u00e7aran en massa a Barcelona per participar de la mobilitzaci\u00f3.<\/p>\n<p class=\"mce\">Enguany, la cru\u00eflla entre dos dels principals carrers de la ciutat de Barcelona ser\u00e0 l&#8217;escenari de\u00a0la mobilitzaci\u00f3 de l&#8217;Onze de Setembre, la &#8216;Diada del S\u00ed&#8217;. Les coordenades s\u00f3n Arag\u00f3 amb passeig de Gr\u00e0cia per formar un gran signe de suma &#8216;+&#8217; coincidint amb la campanya pel &#8216;s\u00ed&#8217; a la independ\u00e8ncia de cara al refer\u00e8ndum de l&#8217;1 d&#8217;octubre.<\/p>\n<p>Com \u00e9s habitual en les mobilitzacions de la Diada, la manifestaci\u00f3 es divideix en trams per assegurar una distribuci\u00f3 homog\u00e8nia dels participants. Aquest cop n&#8217;hi ha 49 -el Bages en t\u00e9 2- i, de moment, ja hi ha prop de 240.000 inscrits, segons l&#8217;\u00faltima xifra oficial feta p\u00fablica per l&#8217;ANC.<\/p>\n","protected":false},"excerpt":{"rendered":"<p>M\u00e9s de 900 persones de Santpedor i Castellnou de Bages ja s&#8217;han inscrit per participar a la gran mobilitzaci\u00f3 independentista que l&#8217;ANC est\u00e0 preparant per la diada de Catalunya, el proper dilluns onze de setembre. D&#8217;aquests, m\u00e9s de 200 es despla\u00e7aran a Barcelona en algun dels 5 busos, de 55 places cada un, que l&#8217;ANC [&hellip;]<\/p>\n","protected":false},"author":6,"featured_media":10611,"comment_status":"open","ping_status":"closed","sticky":false,"template":"","format":"standard","meta":{"footnotes":""},"categories":[3,137],"tags":[187,29,184,215,113],"class_list":{"0":"post-10609","1":"post","2":"type-post","3":"status-publish","4":"format-standard","5":"has-post-thumbnail","7":"category-noticies","8":"category-societat","9":"tag-anc","10":"tag-castellnou-de-bages","11":"tag-catalunya","12":"tag-diada","13":"tag-santpedor"},"_links":{"self":[{"href":"https:\/\/santpedor.net\/radio\/wp-json\/wp\/v2\/posts\/10609","targetHints":{"allow":["GET"]}}],"collection":[{"href":"https:\/\/santpedor.net\/radio\/wp-json\/wp\/v2\/posts"}],"about":[{"href":"https:\/\/santpedor.net\/radio\/wp-json\/wp\/v2\/types\/post"}],"author":[{"embeddable":true,"href":"https:\/\/santpedor.net\/radio\/wp-json\/wp\/v2\/users\/6"}],"replies":[{"embeddable":true,"href":"https:\/\/santpedor.net\/radio\/wp-json\/wp\/v2\/comments?post=10609"}],"version-history":[{"count":0,"href":"https:\/\/santpedor.net\/radio\/wp-json\/wp\/v2\/posts\/10609\/revisions"}],"wp:featuredmedia":[{"embeddable":true,"href":"https:\/\/santpedor.net\/radio\/wp-json\/wp\/v2\/media\/10611"}],"wp:attachment":[{"href":"https:\/\/santpedor.net\/radio\/wp-json\/wp\/v2\/media?parent=10609"}],"wp:term":[{"taxonomy":"category","embeddable":true,"href":"https:\/\/santpedor.net\/radio\/wp-json\/wp\/v2\/categories?post=10609"},{"taxonomy":"post_tag","embeddable":true,"href":"https:\/\/santpedor.net\/radio\/wp-json\/wp\/v2\/tags?post=10609"}],"curies":[{"name":"wp","href":"https:\/\/api.w.org\/{rel}","templated":true}]}}