{"id":10624,"date":"2017-09-12T12:00:26","date_gmt":"2017-09-12T10:00:26","guid":{"rendered":"http:\/\/santpedor.net\/radio\/?p=10624"},"modified":"2017-09-12T12:00:26","modified_gmt":"2017-09-12T10:00:26","slug":"centenars-de-santpedorencs-gaudeixen-de-la-diada-a-la-mobilitzacio-independentista","status":"publish","type":"post","link":"https:\/\/santpedor.net\/radio\/centenars-de-santpedorencs-gaudeixen-de-la-diada-a-la-mobilitzacio-independentista\/","title":{"rendered":"Centenars de santpedorencs gaudeixen de la diada a la mobilitzaci\u00f3 independentista"},"content":{"rendered":"<p>Fins a cinc autobusos plens a vessar de gent van sortir de Santpedor i Castellnou de Bages ahir al migdia en direcci\u00f3 Barcelona per participar de la gran mobilitzaci\u00f3 sobiranista que l&#8217;ANC convocava per la diada de Catalunya. M\u00e9s de 200 persones a les quals cal sumar tots els santpedorencs que van despla\u00e7ar-se pel seu propi peu. All\u00e0 van participar i gaudir, juntament amb altres centenars de milers de persones que van fer possible la &#8216;Diada del S\u00ed&#8217;, a l&#8217;encreuament entre el Passeig de Gr\u00e0cia i el carrer Arag\u00f3, tot formant un gran signe de suma.<\/p>\n<p>El punt de trobada era el tram 104, el del Bages, a mitja al\u00e7ada del Passeig de Gr\u00e0cia. All\u00e0, minuts abans de les 17:14h, hora en qu\u00e8 comen\u00e7aven a despla\u00e7ar-se les grans pancartes amb lemes pro-refer\u00e8ndum dels extrems de la concentraci\u00f3, van actuar-hi els Castellers de Santpedor, que un any m\u00e9s van participar de la mobilitzaci\u00f3 sobiranista de l&#8217;onze de setembre.<\/p>\n<p><strong>Marxa de torxes<\/strong><\/p>\n<p>Pr\u00e8viament a la diada, diumenge, fins a 300 santpedorencs ja van escalfar motors amb la VII marxa de torxes per la independ\u00e8ncia a Santpedor. Des de Pla\u00e7a Catalunya fins a la Pla\u00e7a Gran. Una marxa que va cloure amb els parlaments en favor del refer\u00e8ndum i en qu\u00e8 va destacar el moment en qu\u00e8 l&#8217;alcalde, Xavier Codina, va estripar la carta del Govern Espanyol en qu\u00e8 es demanava als ajuntaments que no cedissin locals per votar en el refer\u00e8ndum de l&#8217;u d&#8217;octubre.<\/p>\n<p>Val a dir que l&#8217;Ajuntament de Santpedor ja va confirmar fa setmanes que a Santpedor es votar\u00e0 de forma normal en els col\u00b7legis electorals de sempre -Biblioteca, Capella de Sant Andreu i Escola Riu d&#8217;Or- quan arribi el refer\u00e8ndum independentista de l&#8217;1-O.<\/p>\n<figure id=\"attachment_10625\" aria-describedby=\"caption-attachment-10625\" style=\"width: 960px\" class=\"wp-caption alignnone\"><img loading=\"lazy\" decoding=\"async\" class=\"size-full wp-image-10625\" src=\"http:\/\/santpedor.net\/radio\/wp-content\/uploads\/2017\/09\/Marxa-de-torxes-per-la-independ\u00e8ncia-FOTO-AJUNTAMENT-DE-SANTPEDOR.jpg\" alt=\"Marxa de torxes per la independ\u00e8ncia FOTO-AJUNTAMENT DE SANTPEDOR\" width=\"960\" height=\"720\" srcset=\"https:\/\/santpedor.net\/radio\/wp-content\/uploads\/2017\/09\/Marxa-de-torxes-per-la-independ\u00e8ncia-FOTO-AJUNTAMENT-DE-SANTPEDOR.jpg 960w, https:\/\/santpedor.net\/radio\/wp-content\/uploads\/2017\/09\/Marxa-de-torxes-per-la-independ\u00e8ncia-FOTO-AJUNTAMENT-DE-SANTPEDOR-300x225.jpg 300w, https:\/\/santpedor.net\/radio\/wp-content\/uploads\/2017\/09\/Marxa-de-torxes-per-la-independ\u00e8ncia-FOTO-AJUNTAMENT-DE-SANTPEDOR-768x576.jpg 768w, https:\/\/santpedor.net\/radio\/wp-content\/uploads\/2017\/09\/Marxa-de-torxes-per-la-independ\u00e8ncia-FOTO-AJUNTAMENT-DE-SANTPEDOR-80x60.jpg 80w, https:\/\/santpedor.net\/radio\/wp-content\/uploads\/2017\/09\/Marxa-de-torxes-per-la-independ\u00e8ncia-FOTO-AJUNTAMENT-DE-SANTPEDOR-265x198.jpg 265w, https:\/\/santpedor.net\/radio\/wp-content\/uploads\/2017\/09\/Marxa-de-torxes-per-la-independ\u00e8ncia-FOTO-AJUNTAMENT-DE-SANTPEDOR-696x522.jpg 696w, https:\/\/santpedor.net\/radio\/wp-content\/uploads\/2017\/09\/Marxa-de-torxes-per-la-independ\u00e8ncia-FOTO-AJUNTAMENT-DE-SANTPEDOR-560x420.jpg 560w\" sizes=\"auto, (max-width: 960px) 100vw, 960px\" \/><figcaption id=\"caption-attachment-10625\" class=\"wp-caption-text\">Marxa de torxes per la independ\u00e8ncia FOTO-AJUNTAMENT DE SANTPEDOR<\/figcaption><\/figure>\n","protected":false},"excerpt":{"rendered":"<p>Fins a cinc autobusos plens a vessar de gent van sortir de Santpedor i Castellnou de Bages ahir al migdia en direcci\u00f3 Barcelona per participar de la gran mobilitzaci\u00f3 sobiranista que l&#8217;ANC convocava per la diada de Catalunya. M\u00e9s de 200 persones a les quals cal sumar tots els santpedorencs que van despla\u00e7ar-se pel seu [&hellip;]<\/p>\n","protected":false},"author":6,"featured_media":10626,"comment_status":"open","ping_status":"closed","sticky":false,"template":"","format":"standard","meta":{"footnotes":""},"categories":[3,137],"tags":[935,187,188,215,114,976,977,113],"class_list":{"0":"post-10624","1":"post","2":"type-post","3":"status-publish","4":"format-standard","5":"has-post-thumbnail","7":"category-noticies","8":"category-societat","9":"tag-1-o","10":"tag-anc","11":"tag-barcelona","12":"tag-diada","13":"tag-independencia","14":"tag-marxa-de-torxes","15":"tag-onze-de-setembre","16":"tag-santpedor"},"_links":{"self":[{"href":"https:\/\/santpedor.net\/radio\/wp-json\/wp\/v2\/posts\/10624","targetHints":{"allow":["GET"]}}],"collection":[{"href":"https:\/\/santpedor.net\/radio\/wp-json\/wp\/v2\/posts"}],"about":[{"href":"https:\/\/santpedor.net\/radio\/wp-json\/wp\/v2\/types\/post"}],"author":[{"embeddable":true,"href":"https:\/\/santpedor.net\/radio\/wp-json\/wp\/v2\/users\/6"}],"replies":[{"embeddable":true,"href":"https:\/\/santpedor.net\/radio\/wp-json\/wp\/v2\/comments?post=10624"}],"version-history":[{"count":0,"href":"https:\/\/santpedor.net\/radio\/wp-json\/wp\/v2\/posts\/10624\/revisions"}],"wp:featuredmedia":[{"embeddable":true,"href":"https:\/\/santpedor.net\/radio\/wp-json\/wp\/v2\/media\/10626"}],"wp:attachment":[{"href":"https:\/\/santpedor.net\/radio\/wp-json\/wp\/v2\/media?parent=10624"}],"wp:term":[{"taxonomy":"category","embeddable":true,"href":"https:\/\/santpedor.net\/radio\/wp-json\/wp\/v2\/categories?post=10624"},{"taxonomy":"post_tag","embeddable":true,"href":"https:\/\/santpedor.net\/radio\/wp-json\/wp\/v2\/tags?post=10624"}],"curies":[{"name":"wp","href":"https:\/\/api.w.org\/{rel}","templated":true}]}}