{"id":10631,"date":"2017-09-13T13:35:33","date_gmt":"2017-09-13T11:35:33","guid":{"rendered":"http:\/\/santpedor.net\/radio\/?p=10631"},"modified":"2017-09-13T13:35:33","modified_gmt":"2017-09-13T11:35:33","slug":"latur-repunta-amb-forca-a-santpedor","status":"publish","type":"post","link":"https:\/\/santpedor.net\/radio\/latur-repunta-amb-forca-a-santpedor\/","title":{"rendered":"L&#8217;atur repunta amb for\u00e7a a Santpedor"},"content":{"rendered":"<p>La bona din\u00e0mica pel qu\u00e8 fa a l&#8217;atur a Santpedor dels \u00faltims mesos s&#8217;ha vist truncada a l&#8217;estiu per un augment abrupte de la desocupaci\u00f3. Si al juliol ja va augmentar un significatiu 7,1%, aquest mes d&#8217;agost ho ha fet en un 8%, per un acumulat de 15,7% d&#8217;augment en nom\u00e9s dos mesos. Una situaci\u00f3 an\u00f2mala al poble despr\u00e9s de la davallada continuada dels \u00faltims mesos que havia situat les xifres de desocupaci\u00f3 en nivells pre-crisi. Fonts de l&#8217;Ajuntament treuen ferro a les dades que qualifiquen de &#8220;puntuals i en conson\u00e0ncia amb les din\u00e0miques a la resta del territori&#8221;. La previsi\u00f3, per tant, \u00e9s que l&#8217;atur retrocedeixi de nou al setembre.<\/p>\n<p>El cert \u00e9s que al Bages i Catalunya tamb\u00e9 hi ha hagut un repunt de l&#8217;atur al mes d&#8217;agost, aix\u00f2 s\u00ed, percentualment per sota de les xifres de Santpedor. En concret, la desocupaci\u00f3 ha pujat un 3% al Bages i un 2,6% a Catalunya l&#8217;\u00faltim mes.<\/p>\n<p>S\u00f3n dades que ha fet p\u00fabliques l&#8217;Observatori del Treball i el Model Productiu de la Generalitat de Catalunya.<\/p>\n","protected":false},"excerpt":{"rendered":"<p>La bona din\u00e0mica pel qu\u00e8 fa a l&#8217;atur a Santpedor dels \u00faltims mesos s&#8217;ha vist truncada a l&#8217;estiu per un augment abrupte de la desocupaci\u00f3. Si al juliol ja va augmentar un significatiu 7,1%, aquest mes d&#8217;agost ho ha fet en un 8%, per un acumulat de 15,7% d&#8217;augment en nom\u00e9s dos mesos. Una situaci\u00f3 [&hellip;]<\/p>\n","protected":false},"author":6,"featured_media":10632,"comment_status":"open","ping_status":"closed","sticky":false,"template":"","format":"standard","meta":{"footnotes":""},"categories":[3,136],"tags":[45,17,184,465,650,113],"class_list":{"0":"post-10631","1":"post","2":"type-post","3":"status-publish","4":"format-standard","5":"has-post-thumbnail","7":"category-noticies","8":"category-politica-i-economia","9":"tag-atur","10":"tag-bages","11":"tag-catalunya","12":"tag-desocupacio","13":"tag-generalitat-de-catalunya","14":"tag-santpedor"},"_links":{"self":[{"href":"https:\/\/santpedor.net\/radio\/wp-json\/wp\/v2\/posts\/10631","targetHints":{"allow":["GET"]}}],"collection":[{"href":"https:\/\/santpedor.net\/radio\/wp-json\/wp\/v2\/posts"}],"about":[{"href":"https:\/\/santpedor.net\/radio\/wp-json\/wp\/v2\/types\/post"}],"author":[{"embeddable":true,"href":"https:\/\/santpedor.net\/radio\/wp-json\/wp\/v2\/users\/6"}],"replies":[{"embeddable":true,"href":"https:\/\/santpedor.net\/radio\/wp-json\/wp\/v2\/comments?post=10631"}],"version-history":[{"count":0,"href":"https:\/\/santpedor.net\/radio\/wp-json\/wp\/v2\/posts\/10631\/revisions"}],"wp:featuredmedia":[{"embeddable":true,"href":"https:\/\/santpedor.net\/radio\/wp-json\/wp\/v2\/media\/10632"}],"wp:attachment":[{"href":"https:\/\/santpedor.net\/radio\/wp-json\/wp\/v2\/media?parent=10631"}],"wp:term":[{"taxonomy":"category","embeddable":true,"href":"https:\/\/santpedor.net\/radio\/wp-json\/wp\/v2\/categories?post=10631"},{"taxonomy":"post_tag","embeddable":true,"href":"https:\/\/santpedor.net\/radio\/wp-json\/wp\/v2\/tags?post=10631"}],"curies":[{"name":"wp","href":"https:\/\/api.w.org\/{rel}","templated":true}]}}