{"id":10637,"date":"2017-09-13T19:45:02","date_gmt":"2017-09-13T17:45:02","guid":{"rendered":"http:\/\/santpedor.net\/radio\/?p=10637"},"modified":"2017-09-13T19:47:22","modified_gmt":"2017-09-13T17:47:22","slug":"lalcalde-de-santpedor-xavier-codina-investigat-per-la-fiscalia-general-de-lestat","status":"publish","type":"post","link":"https:\/\/santpedor.net\/radio\/lalcalde-de-santpedor-xavier-codina-investigat-per-la-fiscalia-general-de-lestat\/","title":{"rendered":"L&#8217;alcalde de Santpedor, Xavier Codina, investigat per la Fiscalia General de l&#8217;Estat"},"content":{"rendered":"<p>El fiscal general de l\u2019Estat, Jos\u00e9 Manuel Maza, ha citat a declarar els 702 alcaldes de Catalunya que han firmat en els \u00faltims dies el decret de suport a la convocat\u00f2ria del refer\u00e8ndum de l\u20191-O. A m\u00e9s, ordena als Mossos d\u2019Esquadra que, si no hi compareixen, els detinguin en compliment de les seves funcions de policia judicial. At\u00e8s que es tracta de centenars d\u2019Ajuntaments, la resoluci\u00f3 del fiscal demana comen\u00e7ar pels que tenen m\u00e9s poblaci\u00f3, com \u00e9s el cas de Badalona, Girona o Sabadell.<\/p>\n<p>Tots els alcaldes del Bages (22) i el Moian\u00e8s (9) que van signar decrets en favor del refer\u00e8ndum d\u2019independ\u00e8ncia del proper 1 d\u2019octubre, per tant, tamb\u00e9 estan citats a declarar davant la fiscalia de l\u2019estat. Entre ells, l&#8217;alcalde de Santpedor, Xavier Codina. Tamb\u00e9 \u00e9s el cas dels alcaldes dels municipis de Sallent, Manresa, Sant Joan de Vilatorrada, Monistrol de Montserrat, Marganell, Sant Salvador de Guardiola, ,Cardona, Rajadell, Fonollosa, Aguilar de Segarra, Sant Mateu de Bages, S\u00faria, Gai\u00e0, Sant Vicen\u00e7 de Castellet, Call\u00fas, Castellnou de Bages, Aviny\u00f3, Nav\u00e0s, Art\u00e9s, Navarcles, Talamanca, Calders, Monistrol de Calders, Santa Maria d\u2019Ol\u00f3, L\u2019Estany, Moi\u00e0, Castellter\u00e7ol, Castellcir, Collsuspina, i Sant Quirze Safaja.<\/p>\n","protected":false},"excerpt":{"rendered":"<p>El fiscal general de l\u2019Estat, Jos\u00e9 Manuel Maza, ha citat a declarar els 702 alcaldes de Catalunya que han firmat en els \u00faltims dies el decret de suport a la convocat\u00f2ria del refer\u00e8ndum de l\u20191-O. A m\u00e9s, ordena als Mossos d\u2019Esquadra que, si no hi compareixen, els detinguin en compliment de les seves funcions de [&hellip;]<\/p>\n","protected":false},"author":6,"featured_media":10618,"comment_status":"open","ping_status":"closed","sticky":false,"template":"","format":"standard","meta":{"footnotes":""},"categories":[3,136],"tags":[935,979,114,20],"class_list":{"0":"post-10637","1":"post","2":"type-post","3":"status-publish","4":"format-standard","5":"has-post-thumbnail","7":"category-noticies","8":"category-politica-i-economia","9":"tag-1-o","10":"tag-fiscalia-general-de-lestat","11":"tag-independencia","12":"tag-xavier-codina"},"_links":{"self":[{"href":"https:\/\/santpedor.net\/radio\/wp-json\/wp\/v2\/posts\/10637","targetHints":{"allow":["GET"]}}],"collection":[{"href":"https:\/\/santpedor.net\/radio\/wp-json\/wp\/v2\/posts"}],"about":[{"href":"https:\/\/santpedor.net\/radio\/wp-json\/wp\/v2\/types\/post"}],"author":[{"embeddable":true,"href":"https:\/\/santpedor.net\/radio\/wp-json\/wp\/v2\/users\/6"}],"replies":[{"embeddable":true,"href":"https:\/\/santpedor.net\/radio\/wp-json\/wp\/v2\/comments?post=10637"}],"version-history":[{"count":0,"href":"https:\/\/santpedor.net\/radio\/wp-json\/wp\/v2\/posts\/10637\/revisions"}],"wp:featuredmedia":[{"embeddable":true,"href":"https:\/\/santpedor.net\/radio\/wp-json\/wp\/v2\/media\/10618"}],"wp:attachment":[{"href":"https:\/\/santpedor.net\/radio\/wp-json\/wp\/v2\/media?parent=10637"}],"wp:term":[{"taxonomy":"category","embeddable":true,"href":"https:\/\/santpedor.net\/radio\/wp-json\/wp\/v2\/categories?post=10637"},{"taxonomy":"post_tag","embeddable":true,"href":"https:\/\/santpedor.net\/radio\/wp-json\/wp\/v2\/tags?post=10637"}],"curies":[{"name":"wp","href":"https:\/\/api.w.org\/{rel}","templated":true}]}}