{"id":10647,"date":"2017-09-16T12:22:08","date_gmt":"2017-09-16T10:22:08","guid":{"rendered":"http:\/\/santpedor.net\/radio\/?p=10647"},"modified":"2017-09-16T12:26:51","modified_gmt":"2017-09-16T10:26:51","slug":"la-policia-local-de-santpedor-identifica-membres-de-lanc-que-penjaven-cartells-de-l1-o","status":"publish","type":"post","link":"https:\/\/santpedor.net\/radio\/la-policia-local-de-santpedor-identifica-membres-de-lanc-que-penjaven-cartells-de-l1-o\/","title":{"rendered":"La Policia Local de Santpedor identifica membres de l&#8217;ANC que penjaven cartells de l&#8217;1-O"},"content":{"rendered":"<p>La Policia Local de Santpedor han interceptat aquest mat\u00ed, pocs minuts despr\u00e9s de les 11h, una brigada de voluntaris de l&#8217;ANC de Santpedor que estaven penjant cartells de l&#8217;1-O a la Pla\u00e7a Gran, just davant de la comissaria del cos. Els agents els han identificat i han requisat els cartells i material que estaven penjant en aquell moment. Els membres de l&#8217;ANC presents, visiblement contrariats, han estat discutint durant uns quants minuts amb els policies, recriminant-els-hi la intervenci\u00f3, per\u00f2 la Policia ha procedit igualment requisar el material.<\/p>\n<p>Els voluntaris de l&#8217;ANC han seguit penjant cartells en altres punts del poble sense m\u00e9s oposici\u00f3, despr\u00e9s de la intervenci\u00f3 de la policia, que per altra banda, no ha retirat cap cartell dels que ja estaven penjats a les parets i fa\u00e7anes del poble.<\/p>\n<p>Segons fonts de la Policia Local, tot i ser un cos policial depenent de l&#8217;Ajuntament, en aquest cas el procediment no t\u00e9 a veure amb l&#8217;alcalde sin\u00f3 que va per un altre banda. I \u00e9s que tot plegat ve donat per l&#8217;ordre de la Fiscalia General de l&#8217;Estat als cossos de seguretat de Catalunya d&#8217;interceptar qualsevol acci\u00f3 relacionada amb el refer\u00e8ndum de l&#8217;1 d&#8217;octubre.<\/p>\n<p>Aquest fet ha agafat l&#8217;alcalde, Xavier Codina, fora del poble, ja que \u00e9s a Barcelona participant, precisament, de la concentraci\u00f3 d&#8217;alcaldes (712) investigats per la Fiscalia General de l&#8217;Estat per recolzar el refer\u00e8ndum d&#8217;independ\u00e8ncia. Amb tot, l&#8217;acci\u00f3 de la Policia Local no ha agradat gens a Codina, que l&#8217;ha condemnat &#8220;rotundament&#8221;.<\/p>\n","protected":false},"excerpt":{"rendered":"<p>La Policia Local de Santpedor han interceptat aquest mat\u00ed, pocs minuts despr\u00e9s de les 11h, una brigada de voluntaris de l&#8217;ANC de Santpedor que estaven penjant cartells de l&#8217;1-O a la Pla\u00e7a Gran, just davant de la comissaria del cos. Els agents els han identificat i han requisat els cartells i material que estaven penjant [&hellip;]<\/p>\n","protected":false},"author":6,"featured_media":10648,"comment_status":"open","ping_status":"closed","sticky":false,"template":"","format":"standard","meta":{"footnotes":""},"categories":[3,137],"tags":[935,114,96,416,113],"class_list":{"0":"post-10647","1":"post","2":"type-post","3":"status-publish","4":"format-standard","5":"has-post-thumbnail","7":"category-noticies","8":"category-societat","9":"tag-1-o","10":"tag-independencia","11":"tag-placa-gran","12":"tag-policia-local","13":"tag-santpedor"},"_links":{"self":[{"href":"https:\/\/santpedor.net\/radio\/wp-json\/wp\/v2\/posts\/10647","targetHints":{"allow":["GET"]}}],"collection":[{"href":"https:\/\/santpedor.net\/radio\/wp-json\/wp\/v2\/posts"}],"about":[{"href":"https:\/\/santpedor.net\/radio\/wp-json\/wp\/v2\/types\/post"}],"author":[{"embeddable":true,"href":"https:\/\/santpedor.net\/radio\/wp-json\/wp\/v2\/users\/6"}],"replies":[{"embeddable":true,"href":"https:\/\/santpedor.net\/radio\/wp-json\/wp\/v2\/comments?post=10647"}],"version-history":[{"count":0,"href":"https:\/\/santpedor.net\/radio\/wp-json\/wp\/v2\/posts\/10647\/revisions"}],"wp:featuredmedia":[{"embeddable":true,"href":"https:\/\/santpedor.net\/radio\/wp-json\/wp\/v2\/media\/10648"}],"wp:attachment":[{"href":"https:\/\/santpedor.net\/radio\/wp-json\/wp\/v2\/media?parent=10647"}],"wp:term":[{"taxonomy":"category","embeddable":true,"href":"https:\/\/santpedor.net\/radio\/wp-json\/wp\/v2\/categories?post=10647"},{"taxonomy":"post_tag","embeddable":true,"href":"https:\/\/santpedor.net\/radio\/wp-json\/wp\/v2\/tags?post=10647"}],"curies":[{"name":"wp","href":"https:\/\/api.w.org\/{rel}","templated":true}]}}