{"id":10669,"date":"2017-09-19T12:29:04","date_gmt":"2017-09-19T10:29:04","guid":{"rendered":"http:\/\/santpedor.net\/radio\/?p=10669"},"modified":"2017-09-19T12:29:04","modified_gmt":"2017-09-19T10:29:04","slug":"santpedor-cedeix-el-solar-de-la-futura-escola-la-serreta-a-la-generalitat","status":"publish","type":"post","link":"https:\/\/santpedor.net\/radio\/santpedor-cedeix-el-solar-de-la-futura-escola-la-serreta-a-la-generalitat\/","title":{"rendered":"Santpedor cedeix el solar de la futura escola La Serreta a la Generalitat"},"content":{"rendered":"<p>El ple municipal del mes de setembre va aprovar cedir els terrenys del solar del costat de l&#8217;escola La Serreta a la Generalitat de Catalunya, per a poder construir-hi la nova escola. Aquest \u00e9s un pas m\u00e9s, necessari, per fer realitat la nova escola La Serreta, despr\u00e9s que la Generalitat obr\u00eds al juliol el per\u00edode per licitar les obres. Abans d&#8217;acabar l&#8217;any, de fet, est\u00e0 previst que es trii l&#8217;e l&#8217;empresa adjudicat\u00e0ria del projecte.<\/p>\n<p>El seg\u00fcent pas ser\u00e0 la redacci\u00f3, per part de l&#8217;empresa, del projecte de la nova escola, que es far\u00e0 p\u00fablic al llarg del 2018. En aquest sentit l&#8217;Ajuntament valora el comprom\u00eds de la Generalitat perqu\u00e8 l&#8217;AMPA, l&#8217;equip directiu de La Serreta, i el propi Ajuntament, tinguin veu per fer adequacions al projecte. Aix\u00ed ho van prometre, a finals de mar\u00e7, el director general de centres p\u00fablics, Llu\u00eds Baulenas, acompanyat del cap del departament d&#8217;ensenyament als serveis territorials de la Catalunya Central, Antoni Masseg\u00fa, quan van visitar l&#8217;escola La Serreta acompanyats de l&#8217;alcalde de Santpedor, Xavier Codina, i el regidor d&#8217;ensenyament, Agust\u00ed Comas.<\/p>\n<p><strong>La nova Serreta<\/strong><\/p>\n<p>La nova escola es preveu que tingui un espai d\u2019educaci\u00f3 infantil i un altre per als alumnes de prim\u00e0ria. Tindr\u00e0 una sola l\u00ednia educativa i capacitat per a 225 alumnes. 55 d&#8217;aquests seran els infants d&#8217;educaci\u00f3 infantil, que es repartiran en 3 aules. A m\u00e9s, les instal\u00b7lacions comptaran amb lavabos per a nens i mestres, aula de psicomotricitat, tutoria i magatzem. En l\u2019espai destinat a educaci\u00f3 prim\u00e0ria hi haur\u00e0 10 aules, 6 per als cursos m\u00e9s una de desdoblament, una de refor\u00e7, una aula espec\u00edfica i una d\u2019inform\u00e0tica. Tamb\u00e9 tindr\u00e0 biblioteca, magatzem i lavabos. Com a espais comuns hi haur\u00e0 gimn\u00e0s, vestidors, magatzem i un escenari. A m\u00e9s, espais de serveis i l\u2019espai reservat per a administraci\u00f3 del centre, consergeria i AMPA.<\/p>\n","protected":false},"excerpt":{"rendered":"<p>El ple municipal del mes de setembre va aprovar cedir els terrenys del solar del costat de l&#8217;escola La Serreta a la Generalitat de Catalunya, per a poder construir-hi la nova escola. Aquest \u00e9s un pas m\u00e9s, necessari, per fer realitat la nova escola La Serreta, despr\u00e9s que la Generalitat obr\u00eds al juliol el per\u00edode [&hellip;]<\/p>\n","protected":false},"author":6,"featured_media":10670,"comment_status":"open","ping_status":"closed","sticky":false,"template":"","format":"standard","meta":{"footnotes":""},"categories":[3,137],"tags":[811,650,226,113],"class_list":{"0":"post-10669","1":"post","2":"type-post","3":"status-publish","4":"format-standard","5":"has-post-thumbnail","7":"category-noticies","8":"category-societat","9":"tag-escola","10":"tag-generalitat-de-catalunya","11":"tag-la-serreta","12":"tag-santpedor"},"_links":{"self":[{"href":"https:\/\/santpedor.net\/radio\/wp-json\/wp\/v2\/posts\/10669","targetHints":{"allow":["GET"]}}],"collection":[{"href":"https:\/\/santpedor.net\/radio\/wp-json\/wp\/v2\/posts"}],"about":[{"href":"https:\/\/santpedor.net\/radio\/wp-json\/wp\/v2\/types\/post"}],"author":[{"embeddable":true,"href":"https:\/\/santpedor.net\/radio\/wp-json\/wp\/v2\/users\/6"}],"replies":[{"embeddable":true,"href":"https:\/\/santpedor.net\/radio\/wp-json\/wp\/v2\/comments?post=10669"}],"version-history":[{"count":0,"href":"https:\/\/santpedor.net\/radio\/wp-json\/wp\/v2\/posts\/10669\/revisions"}],"wp:featuredmedia":[{"embeddable":true,"href":"https:\/\/santpedor.net\/radio\/wp-json\/wp\/v2\/media\/10670"}],"wp:attachment":[{"href":"https:\/\/santpedor.net\/radio\/wp-json\/wp\/v2\/media?parent=10669"}],"wp:term":[{"taxonomy":"category","embeddable":true,"href":"https:\/\/santpedor.net\/radio\/wp-json\/wp\/v2\/categories?post=10669"},{"taxonomy":"post_tag","embeddable":true,"href":"https:\/\/santpedor.net\/radio\/wp-json\/wp\/v2\/tags?post=10669"}],"curies":[{"name":"wp","href":"https:\/\/api.w.org\/{rel}","templated":true}]}}