{"id":10672,"date":"2017-09-20T10:53:53","date_gmt":"2017-09-20T08:53:53","guid":{"rendered":"http:\/\/santpedor.net\/radio\/?p=10672"},"modified":"2017-09-20T10:53:53","modified_gmt":"2017-09-20T08:53:53","slug":"santpedor-es-lleva-empaperat-de-dalt-a-baix-amb-cartells-pel-si-a-l1-o","status":"publish","type":"post","link":"https:\/\/santpedor.net\/radio\/santpedor-es-lleva-empaperat-de-dalt-a-baix-amb-cartells-pel-si-a-l1-o\/","title":{"rendered":"Santpedor es lleva empaperat de dalt a baix amb cartells pel &#8216;s\u00ed&#8217; a l&#8217;1-O"},"content":{"rendered":"<p>Santpedor s\u2019ha llevat aquest mat\u00ed ple de cartells favorables al \u201cs\u00ed\u201d pel refer\u00e8ndum de l\u20191 d\u2019octubre. Els lemes \u201cViure vol dir prendre partit\u201d, \u201cConstru\u00efm una nova rep\u00fablica\u201d i butlletes gegants de votaci\u00f3 amb el &#8220;s\u00ed&#8221; marcat, han aparegut en gaireb\u00e9 cada paret i fanal del municipi com a resposta a la censura del govern espanyol, que durant aquests dies ha requisat material de campanya.<\/p>\n<p>Es tracta d\u2019una iniciativa popular que ha unit diversos col\u00b7lectius com la CUP Santpedor, ERC Santpedor i l&#8217;ANC, que van convocar ahir al vespre a militants i ve\u00efns del poble a participar en una\u00a0<span class=\"hiddenGrammarError\">\u201c<\/span>empaperada conjunta.\u201d La convocat\u00f2ria per l&#8217;encartellada, que va comen\u00e7ar a les 21h a la Pla\u00e7a Gran,\u00a0 va c\u00f3rrer com la p\u00f3lvora ahir a trav\u00e9s de les xarxes socials i whatsapp.<\/p>\n","protected":false},"excerpt":{"rendered":"<p>Santpedor s\u2019ha llevat aquest mat\u00ed ple de cartells favorables al \u201cs\u00ed\u201d pel refer\u00e8ndum de l\u20191 d\u2019octubre. Els lemes \u201cViure vol dir prendre partit\u201d, \u201cConstru\u00efm una nova rep\u00fablica\u201d i butlletes gegants de votaci\u00f3 amb el &#8220;s\u00ed&#8221; marcat, han aparegut en gaireb\u00e9 cada paret i fanal del municipi com a resposta a la censura del govern espanyol, [&hellip;]<\/p>\n","protected":false},"author":6,"featured_media":10673,"comment_status":"open","ping_status":"closed","sticky":false,"template":"","format":"standard","meta":{"footnotes":""},"categories":[3,137],"tags":[935,975,113],"class_list":{"0":"post-10672","1":"post","2":"type-post","3":"status-publish","4":"format-standard","5":"has-post-thumbnail","7":"category-noticies","8":"category-societat","9":"tag-1-o","10":"tag-referendum","11":"tag-santpedor"},"_links":{"self":[{"href":"https:\/\/santpedor.net\/radio\/wp-json\/wp\/v2\/posts\/10672","targetHints":{"allow":["GET"]}}],"collection":[{"href":"https:\/\/santpedor.net\/radio\/wp-json\/wp\/v2\/posts"}],"about":[{"href":"https:\/\/santpedor.net\/radio\/wp-json\/wp\/v2\/types\/post"}],"author":[{"embeddable":true,"href":"https:\/\/santpedor.net\/radio\/wp-json\/wp\/v2\/users\/6"}],"replies":[{"embeddable":true,"href":"https:\/\/santpedor.net\/radio\/wp-json\/wp\/v2\/comments?post=10672"}],"version-history":[{"count":0,"href":"https:\/\/santpedor.net\/radio\/wp-json\/wp\/v2\/posts\/10672\/revisions"}],"wp:featuredmedia":[{"embeddable":true,"href":"https:\/\/santpedor.net\/radio\/wp-json\/wp\/v2\/media\/10673"}],"wp:attachment":[{"href":"https:\/\/santpedor.net\/radio\/wp-json\/wp\/v2\/media?parent=10672"}],"wp:term":[{"taxonomy":"category","embeddable":true,"href":"https:\/\/santpedor.net\/radio\/wp-json\/wp\/v2\/categories?post=10672"},{"taxonomy":"post_tag","embeddable":true,"href":"https:\/\/santpedor.net\/radio\/wp-json\/wp\/v2\/tags?post=10672"}],"curies":[{"name":"wp","href":"https:\/\/api.w.org\/{rel}","templated":true}]}}