{"id":10695,"date":"2017-09-27T20:12:35","date_gmt":"2017-09-27T18:12:35","guid":{"rendered":"http:\/\/santpedor.net\/radio\/?p=10695"},"modified":"2017-09-27T20:50:53","modified_gmt":"2017-09-27T18:50:53","slug":"els-mossos-desquadra-visiten-lescola-riu-dor-per-demanar-informacio-de-l1-o","status":"publish","type":"post","link":"https:\/\/santpedor.net\/radio\/els-mossos-desquadra-visiten-lescola-riu-dor-per-demanar-informacio-de-l1-o\/","title":{"rendered":"Els Mossos d&#8217;Esquadra visiten l&#8217;escola Riu d&#8217;Or i l&#8217;Ajuntament per demanar informaci\u00f3 de l&#8217;1-O"},"content":{"rendered":"<p>Una patrulla de Mossos d&#8217;Esquadra s&#8217;ha presentat avui al mat\u00ed a l&#8217;escola Riu d&#8217;Or per demanar informaci\u00f3 sobre l&#8217;1-O. Els agents, vestits de pais\u00e0, ja van venir ahir al centre per\u00f2 van marxar perqu\u00e8 no hi havia la directora, Laia Val de Vilamaro, amb qui s\u00ed que han pogut parlar avui. Tamb\u00e9 han visitat l&#8217;Ajuntament de Santpedor.<\/p>\n<p>Els Mossos d&#8217;Esquadra estan visitant aquests dies totes les escoles, Ajuntaments, i centres que han de fer de col\u00b7legi electoral aquest diumenge pel refer\u00e8ndum de l&#8217;1 d&#8217;octubre. En les trobades amb els directors i responsables, se&#8217;ls entrega l\u2019acta de requeriment i informaci\u00f3 en compliment de la instrucci\u00f3 5\/2017 de la Fiscalia Superior de Catalunya. En aquesta acta, se\u2019ls pregunta si han rebut alguna comunicaci\u00f3 dels responsables del Departament d\u2019Ensenyament per demanar la seva col\u00b7laboraci\u00f3 en el refer\u00e8ndum i tamb\u00e9 se\u2019ls exigeix que lliurin, si en tenen, material relacionat amb la celebraci\u00f3 de l\u20191-O.<\/p>\n<p>Tot plegat \u00e9s un tr\u00e0mit informatiu entre col\u00b7legis electorals i Mossos d&#8217;Esquadra, que ben aviat podria anar un pas m\u00e9s enll\u00e0. I \u00e9s que aquesta mateixa tarda el Tribunal Superior de Just\u00edcia de Catalunya ha ordenat a Mossos, Policia Nacional, i Gu\u00e0rdia Civil, que tanqui tots els col\u00b7legis electorals per impedir-hi la celebraci\u00f3 del refer\u00e8ndum.<\/p>\n","protected":false},"excerpt":{"rendered":"<p>Una patrulla de Mossos d&#8217;Esquadra s&#8217;ha presentat avui al mat\u00ed a l&#8217;escola Riu d&#8217;Or per demanar informaci\u00f3 sobre l&#8217;1-O. Els agents, vestits de pais\u00e0, ja van venir ahir al centre per\u00f2 van marxar perqu\u00e8 no hi havia la directora, Laia Val de Vilamaro, amb qui s\u00ed que han pogut parlar avui. Tamb\u00e9 han visitat l&#8217;Ajuntament [&hellip;]<\/p>\n","protected":false},"author":6,"featured_media":10696,"comment_status":"open","ping_status":"closed","sticky":false,"template":"","format":"standard","meta":{"footnotes":""},"categories":[3,137],"tags":[935,811,595,975,229,113],"class_list":{"0":"post-10695","1":"post","2":"type-post","3":"status-publish","4":"format-standard","5":"has-post-thumbnail","7":"category-noticies","8":"category-societat","9":"tag-1-o","10":"tag-escola","11":"tag-mossos-desquadra","12":"tag-referendum","13":"tag-riu-dor","14":"tag-santpedor"},"_links":{"self":[{"href":"https:\/\/santpedor.net\/radio\/wp-json\/wp\/v2\/posts\/10695","targetHints":{"allow":["GET"]}}],"collection":[{"href":"https:\/\/santpedor.net\/radio\/wp-json\/wp\/v2\/posts"}],"about":[{"href":"https:\/\/santpedor.net\/radio\/wp-json\/wp\/v2\/types\/post"}],"author":[{"embeddable":true,"href":"https:\/\/santpedor.net\/radio\/wp-json\/wp\/v2\/users\/6"}],"replies":[{"embeddable":true,"href":"https:\/\/santpedor.net\/radio\/wp-json\/wp\/v2\/comments?post=10695"}],"version-history":[{"count":0,"href":"https:\/\/santpedor.net\/radio\/wp-json\/wp\/v2\/posts\/10695\/revisions"}],"wp:featuredmedia":[{"embeddable":true,"href":"https:\/\/santpedor.net\/radio\/wp-json\/wp\/v2\/media\/10696"}],"wp:attachment":[{"href":"https:\/\/santpedor.net\/radio\/wp-json\/wp\/v2\/media?parent=10695"}],"wp:term":[{"taxonomy":"category","embeddable":true,"href":"https:\/\/santpedor.net\/radio\/wp-json\/wp\/v2\/categories?post=10695"},{"taxonomy":"post_tag","embeddable":true,"href":"https:\/\/santpedor.net\/radio\/wp-json\/wp\/v2\/tags?post=10695"}],"curies":[{"name":"wp","href":"https:\/\/api.w.org\/{rel}","templated":true}]}}