{"id":10697,"date":"2017-09-27T21:55:50","date_gmt":"2017-09-27T19:55:50","guid":{"rendered":"http:\/\/santpedor.net\/radio\/?p=10697"},"modified":"2017-09-27T21:55:50","modified_gmt":"2017-09-27T19:55:50","slug":"lescola-la-serreta-signa-un-manifest-contra-les-amenaces-denric-millo","status":"publish","type":"post","link":"https:\/\/santpedor.net\/radio\/lescola-la-serreta-signa-un-manifest-contra-les-amenaces-denric-millo\/","title":{"rendered":"L\u2019escola La Serreta signa un manifest contra les amenaces d\u2019Enric Millo"},"content":{"rendered":"<p>Vint\u00a0centres educatius del Bages han signat\u00a0un manifest que denuncia les \u201ccoaccions i amenaces\u201d del delegat del govern espanyol, Enric Millo, a directius del Departament d\u2019Ensenyament de Catalunya. Entre ells hi ha l\u2019<strong>escola La Serreta de Santepdor<\/strong>, aix\u00ed com <strong>Els Pins de Cabrianes,\u00a0<\/strong>l&#8217;escola Torres Amat de Sallent, i l\u2019Escola Pla del Puig de Sant Fruit\u00f3s de Bages. I \u00e9s que Millo ha avisat a directors de centres educatius que no poden permetre actes relacionats\u00a0amb el refer\u00e8ndum de l\u20191-O i que fer-ho podria comportar responsabilitats \u201cpenals\u201d.<\/p>\n<h5>El Manifest<\/h5>\n<p><em>Els directors i directores de les escoles sotasignants, volem expressar la nostra preocupaci\u00f3 pels fets que es van succeint els darrers dies, i que vulneren els principis b\u00e0sics de la democr\u00e0cia i les llibertats fonamentals de tots els ciutadans i ciutadanes.<\/em><\/p>\n<p><em>Aix\u00ed mateix donem suport a les reivindicacions a favor dels drets civils de tots i volem manifestar el nostre comprom\u00eds per continuar educant, des de les nostres escoles, en la democr\u00e0cia i la llibertat d\u2019expressi\u00f3, desenvolupant el pensament cr\u00edtic dels nostres alumnes.<\/em><\/p>\n<p><em>Aprofitem tamb\u00e9 per fer pal\u00e8s el nostre descontent amb les coaccions i amenaces que el Sr. Enric Millo ha adre\u00e7at als funcionaris del Departament d\u2019Ensenyament, concretament a les direccions, i volem agrair a la nostra consellera, la Sra. Clara Ponsat\u00ed, el suport mostrat cap al nostre col\u00b7lectiu aix\u00ed com el gest de respondre en nom de tots nosaltres a la carta del Delegat del Govern de l\u2019Estat Espanyol.<\/em><\/p>\n<p>Escoles signants:<\/p>\n<ul>\n<li>Escola Doctor Ferrer, Art\u00e9s<\/li>\n<li>Escola Barnola, Aviny\u00f3<\/li>\n<li>Escola l\u00b4Olivar, Castellnou de Bages<\/li>\n<li>Escola Ametllers, Sant Joan de Vilatorrada<\/li>\n<li>Escola Catalunya, Navarcles<\/li>\n<li>Escola la Serreta, Santpedor<\/li>\n<li>Escola Jaume Balmes, Castellbell i el Vilar<\/li>\n<li>Escola Joncadella, Sant Joan de Vilatorrada<\/li>\n<li>Escola Pompeu Fabra, El Pont de Vilomara<\/li>\n<li>Escola Els Pins, Cabrianes<\/li>\n<li>Escola Francesc Maci\u00e0, S\u00faria<\/li>\n<li>Institut Escola Sant Jordi, Nav\u00e0s<\/li>\n<li>Escola Pla del Puig, Sant Fruit\u00f3s de Bages<\/li>\n<li>Escola Sant Miquel, Castellgal\u00ed<\/li>\n<li>Escola Sant Vicen\u00e7, Sant Vicen\u00e7 de castellet<\/li>\n<li>Escola Guillem de Balsareny, Balsareny<\/li>\n<li>Escola Sesmon, Sta. Maria d\u00b4Ol\u00f3<\/li>\n<li>Escola Anton Busquets i Punset, ZER El Moian\u00e8s Ponent<\/li>\n<li>Escola Torres Amat, Sallent<\/li>\n<li>Escola Collbaix, St. Joan de Vilatorrada<\/li>\n<\/ul>\n","protected":false},"excerpt":{"rendered":"<p>Vint\u00a0centres educatius del Bages han signat\u00a0un manifest que denuncia les \u201ccoaccions i amenaces\u201d del delegat del govern espanyol, Enric Millo, a directius del Departament d\u2019Ensenyament de Catalunya. Entre ells hi ha l\u2019escola La Serreta de Santepdor, aix\u00ed com Els Pins de Cabrianes,\u00a0l&#8217;escola Torres Amat de Sallent, i l\u2019Escola Pla del Puig de Sant Fruit\u00f3s de [&hellip;]<\/p>\n","protected":false},"author":6,"featured_media":10000,"comment_status":"open","ping_status":"closed","sticky":false,"template":"","format":"standard","meta":{"footnotes":""},"categories":[3,137],"tags":[935,983,226,113],"class_list":{"0":"post-10697","1":"post","2":"type-post","3":"status-publish","4":"format-standard","5":"has-post-thumbnail","7":"category-noticies","8":"category-societat","9":"tag-1-o","10":"tag-enric-millo","11":"tag-la-serreta","12":"tag-santpedor"},"_links":{"self":[{"href":"https:\/\/santpedor.net\/radio\/wp-json\/wp\/v2\/posts\/10697","targetHints":{"allow":["GET"]}}],"collection":[{"href":"https:\/\/santpedor.net\/radio\/wp-json\/wp\/v2\/posts"}],"about":[{"href":"https:\/\/santpedor.net\/radio\/wp-json\/wp\/v2\/types\/post"}],"author":[{"embeddable":true,"href":"https:\/\/santpedor.net\/radio\/wp-json\/wp\/v2\/users\/6"}],"replies":[{"embeddable":true,"href":"https:\/\/santpedor.net\/radio\/wp-json\/wp\/v2\/comments?post=10697"}],"version-history":[{"count":0,"href":"https:\/\/santpedor.net\/radio\/wp-json\/wp\/v2\/posts\/10697\/revisions"}],"wp:featuredmedia":[{"embeddable":true,"href":"https:\/\/santpedor.net\/radio\/wp-json\/wp\/v2\/media\/10000"}],"wp:attachment":[{"href":"https:\/\/santpedor.net\/radio\/wp-json\/wp\/v2\/media?parent=10697"}],"wp:term":[{"taxonomy":"category","embeddable":true,"href":"https:\/\/santpedor.net\/radio\/wp-json\/wp\/v2\/categories?post=10697"},{"taxonomy":"post_tag","embeddable":true,"href":"https:\/\/santpedor.net\/radio\/wp-json\/wp\/v2\/tags?post=10697"}],"curies":[{"name":"wp","href":"https:\/\/api.w.org\/{rel}","templated":true}]}}