{"id":10699,"date":"2017-09-28T19:30:02","date_gmt":"2017-09-28T17:30:02","guid":{"rendered":"http:\/\/santpedor.net\/radio\/?p=10699"},"modified":"2017-09-28T19:30:02","modified_gmt":"2017-09-28T17:30:02","slug":"lescola-riu-dor-de-santpedor-organitza-la-seva-propia-festa-de-tardor-per-l1-doctubre","status":"publish","type":"post","link":"https:\/\/santpedor.net\/radio\/lescola-riu-dor-de-santpedor-organitza-la-seva-propia-festa-de-tardor-per-l1-doctubre\/","title":{"rendered":"L&#8217;escola Riu d&#8217;Or de Santpedor organitza la seva pr\u00f2pia &#8216;Festa de Tardor&#8217; per l&#8217;1 d&#8217;octubre"},"content":{"rendered":"<p>Arriba la Festa de Tardor a l&#8217;escola Riu d&#8217;Or, organitzada per l&#8217;AMPA del centre. Al llarg del dia d&#8217;avui ha comen\u00e7at a circular per whatsapp el cartell de l&#8217;esdeveniment, que preveu activitats de tot tipus. M\u00fasica, esports, sessions de cinema, i el m\u00e9s important, bivac. Tot plegat es far\u00e0 a les instal\u00b7lacions del centre, que l&#8217;u d&#8217;octubre ser\u00e0 col\u00b7legi electoral pel refer\u00e8ndum d&#8217;autodeterminaci\u00f3 de Catalunya que ha convocat la Generalitat i que el Govern espanyol est\u00e0 reprimint.<\/p>\n<p>El propi Riu d&#8217;Or ja va rebre ahir la visita dels Mossos d&#8217;Esquadra, que <a href=\"http:\/\/l\u2019acta de requeriment i informaci\u00f3 en compliment de la instrucci\u00f3 5\/2017 de la Fiscalia Superior de Catalunya.\">van entregar a la directora l&#8217;acta<\/a> de requeriment i informaci\u00f3 en compliment de la instrucci\u00f3 5\/2017 de la Fiscalia Superior de Catalunya.<\/p>\n<p>Igual que l&#8217;escola Riu d&#8217;Or, molts altres centres educatius del territori que han de ser col\u00b7legis electorals aquest diumenge, estan organitzant esdeveniments de caire similar. \u00c9s el cas de l&#8217;escola Bages de Manresa, que tamb\u00e9 ha anunciat activitats durant tot el cap de setmana i bivac a les instal\u00b7lacions del centre. Tot plegat t\u00e9 encaix dins la iniciativa Escoles Obertes, del web escolesobertes.eu , on s&#8217;insta la gent a col\u00b7laborar per donar vida i mantenir oberts els col\u00b7legis electorals al llarg del cap de setmana, per complicar la tasca dels cossos de seguretat en cas que decideixin precintar-los per impedir-hi l&#8217;acc\u00e9s.<\/p>\n<p>Precisament avui, representants del moviment Escoles Obertes, han fet una entrega simb\u00f2lica de claus al president de la Generalitat, Carles Puigdemont, en un acte en favor del refer\u00e8ndum celebrat al Pati dels Tarongers del Palau de la Generalitat.<\/p>\n","protected":false},"excerpt":{"rendered":"<p>Arriba la Festa de Tardor a l&#8217;escola Riu d&#8217;Or, organitzada per l&#8217;AMPA del centre. Al llarg del dia d&#8217;avui ha comen\u00e7at a circular per whatsapp el cartell de l&#8217;esdeveniment, que preveu activitats de tot tipus. M\u00fasica, esports, sessions de cinema, i el m\u00e9s important, bivac. Tot plegat es far\u00e0 a les instal\u00b7lacions del centre, que [&hellip;]<\/p>\n","protected":false},"author":6,"featured_media":10700,"comment_status":"open","ping_status":"closed","sticky":false,"template":"","format":"standard","meta":{"footnotes":""},"categories":[3,137],"tags":[935,811,984,171,975,229,113],"class_list":{"0":"post-10699","1":"post","2":"type-post","3":"status-publish","4":"format-standard","5":"has-post-thumbnail","7":"category-noticies","8":"category-societat","9":"tag-1-o","10":"tag-escola","11":"tag-escoles-obertes","12":"tag-generalitat","13":"tag-referendum","14":"tag-riu-dor","15":"tag-santpedor"},"_links":{"self":[{"href":"https:\/\/santpedor.net\/radio\/wp-json\/wp\/v2\/posts\/10699","targetHints":{"allow":["GET"]}}],"collection":[{"href":"https:\/\/santpedor.net\/radio\/wp-json\/wp\/v2\/posts"}],"about":[{"href":"https:\/\/santpedor.net\/radio\/wp-json\/wp\/v2\/types\/post"}],"author":[{"embeddable":true,"href":"https:\/\/santpedor.net\/radio\/wp-json\/wp\/v2\/users\/6"}],"replies":[{"embeddable":true,"href":"https:\/\/santpedor.net\/radio\/wp-json\/wp\/v2\/comments?post=10699"}],"version-history":[{"count":0,"href":"https:\/\/santpedor.net\/radio\/wp-json\/wp\/v2\/posts\/10699\/revisions"}],"wp:featuredmedia":[{"embeddable":true,"href":"https:\/\/santpedor.net\/radio\/wp-json\/wp\/v2\/media\/10700"}],"wp:attachment":[{"href":"https:\/\/santpedor.net\/radio\/wp-json\/wp\/v2\/media?parent=10699"}],"wp:term":[{"taxonomy":"category","embeddable":true,"href":"https:\/\/santpedor.net\/radio\/wp-json\/wp\/v2\/categories?post=10699"},{"taxonomy":"post_tag","embeddable":true,"href":"https:\/\/santpedor.net\/radio\/wp-json\/wp\/v2\/tags?post=10699"}],"curies":[{"name":"wp","href":"https:\/\/api.w.org\/{rel}","templated":true}]}}