{"id":10813,"date":"2017-10-30T13:48:13","date_gmt":"2017-10-30T12:48:13","guid":{"rendered":"http:\/\/santpedor.net\/radio\/?p=10813"},"modified":"2017-10-30T13:48:13","modified_gmt":"2017-10-30T12:48:13","slug":"mor-joan-freixenet-exrector-de-santpedor","status":"publish","type":"post","link":"https:\/\/santpedor.net\/radio\/mor-joan-freixenet-exrector-de-santpedor\/","title":{"rendered":"Mor Joan Freixenet, exrector de Santpedor"},"content":{"rendered":"<p>Moss\u00e8n Joan Freixenet i Mas, Prevere de l\u2019Esgl\u00e9sia de Vic, nascut a Manresa el 4 d\u2019abril de 1927, va morir divendres 30 d&#8217;octubre a l\u2019edat de 90 anys. Freixenet va ser rector de la parr\u00f2quia de Sant Fruit\u00f3s entre el 1975 i el 1984, i tamb\u00e9 de la de Sant Andreu de Castellnou de Bages, de l&#8217;esgl\u00e9sia Sant Pere de Santpedor i de la parr\u00f2quia de Sant Mart\u00ed de Torroella.<\/p>\n<p>Va exercir tamb\u00e9 com a capell\u00e0 de les Serventes del Maria de Manresa, capell\u00e0 de l\u2019Hospital de Sant Andreu i del Monestir de Sant a Clara de Manresa i capell\u00e0 del Santuari de la Mare de D\u00e9u de Joncadella.<\/p>\n<p>Des de la seva jubilaci\u00f3 vivia a Sant Fruit\u00f3s de Bages, on dissabte a la tarda se li va fer el comiat a l\u2019esgl\u00e9sia parroquial de Sant Fruit\u00f3s de Bages.<\/p>\n","protected":false},"excerpt":{"rendered":"<p>Moss\u00e8n Joan Freixenet i Mas, Prevere de l\u2019Esgl\u00e9sia de Vic, nascut a Manresa el 4 d\u2019abril de 1927, va morir divendres 30 d&#8217;octubre a l\u2019edat de 90 anys. Freixenet va ser rector de la parr\u00f2quia de Sant Fruit\u00f3s entre el 1975 i el 1984, i tamb\u00e9 de la de Sant Andreu de Castellnou de Bages, [&hellip;]<\/p>\n","protected":false},"author":6,"featured_media":10814,"comment_status":"open","ping_status":"closed","sticky":false,"template":"","format":"standard","meta":{"footnotes":""},"categories":[3,137],"tags":[1028,28,113],"class_list":{"0":"post-10813","1":"post","2":"type-post","3":"status-publish","4":"format-standard","5":"has-post-thumbnail","7":"category-noticies","8":"category-societat","9":"tag-joan-freixenet","10":"tag-sant-fruitos-de-bages","11":"tag-santpedor"},"_links":{"self":[{"href":"https:\/\/santpedor.net\/radio\/wp-json\/wp\/v2\/posts\/10813","targetHints":{"allow":["GET"]}}],"collection":[{"href":"https:\/\/santpedor.net\/radio\/wp-json\/wp\/v2\/posts"}],"about":[{"href":"https:\/\/santpedor.net\/radio\/wp-json\/wp\/v2\/types\/post"}],"author":[{"embeddable":true,"href":"https:\/\/santpedor.net\/radio\/wp-json\/wp\/v2\/users\/6"}],"replies":[{"embeddable":true,"href":"https:\/\/santpedor.net\/radio\/wp-json\/wp\/v2\/comments?post=10813"}],"version-history":[{"count":0,"href":"https:\/\/santpedor.net\/radio\/wp-json\/wp\/v2\/posts\/10813\/revisions"}],"wp:featuredmedia":[{"embeddable":true,"href":"https:\/\/santpedor.net\/radio\/wp-json\/wp\/v2\/media\/10814"}],"wp:attachment":[{"href":"https:\/\/santpedor.net\/radio\/wp-json\/wp\/v2\/media?parent=10813"}],"wp:term":[{"taxonomy":"category","embeddable":true,"href":"https:\/\/santpedor.net\/radio\/wp-json\/wp\/v2\/categories?post=10813"},{"taxonomy":"post_tag","embeddable":true,"href":"https:\/\/santpedor.net\/radio\/wp-json\/wp\/v2\/tags?post=10813"}],"curies":[{"name":"wp","href":"https:\/\/api.w.org\/{rel}","templated":true}]}}