{"id":10815,"date":"2017-11-01T13:45:59","date_gmt":"2017-11-01T12:45:59","guid":{"rendered":"http:\/\/santpedor.net\/radio\/?p=10815"},"modified":"2017-11-01T13:47:38","modified_gmt":"2017-11-01T12:47:38","slug":"el-govern-espanyol-cessa-laura-vilagra-com-a-delegada-del-govern-a-la-catalunya-central","status":"publish","type":"post","link":"https:\/\/santpedor.net\/radio\/el-govern-espanyol-cessa-laura-vilagra-com-a-delegada-del-govern-a-la-catalunya-central\/","title":{"rendered":"El Govern espanyol cessa Laura Vilagr\u00e0 com a Delegada del Govern a la Catalunya Central"},"content":{"rendered":"<p>El Govern espanyol va suprimir ahir tres organismes de la Generalitat que havien assessorat Carles Puigdemont en el proc\u00e9s sobiranista i ha anunciat el cessament dels delegats territorials de l&#8217;executiu catal\u00e0, entre ells el de la Catalunya Cental, Laura Vilagr\u00e0 (ex alcaldessa de Santpedor). Aix\u00ed com tamb\u00e9 el director de l&#8217;Institut d&#8217;Estudis de l&#8217;Autogovern, Carles Viver Pi-Sunyer.<\/p>\n<p>La mateixa Vilagr\u00e0 va anunciar ahir la seva destituci\u00f3 a trav\u00e9s del Twitter:<\/p>\n<blockquote class=\"twitter-tweet\" data-lang=\"ca\">\n<p dir=\"ltr\" lang=\"und\">El Gobierno de Espa\u00f1a segueix executant el 155. Avui ens ha tocat als delegats govern. Seguirem tossudament al\u00e7ats construint la rep\u00fablica<\/p>\n<p>\u2014 Laura Vilagr\u00e0 (@LauraVilagrPons) <a href=\"https:\/\/twitter.com\/LauraVilagrPons\/status\/925460521817722881?ref_src=twsrc%5Etfw\">31 d\u2019octubre de 2017<\/a><\/p><\/blockquote>\n<p><script async src=\"https:\/\/platform.twitter.com\/widgets.js\" charset=\"utf-8\"><\/script><\/p>\n<p>El delegat del Govern a Catalunya, Enric Millo, va explicar ahir des de Barcelona els acords adoptats pel Consell de Ministres, relacionats amb la convocat\u00f2ria de les eleccions auton\u00f2miques del 21 de desembre.<\/p>\n<p>En concret, el Consell de Ministres ha aprovat un Reial Decret pel qual es disposa, en virtut de les mesures en aplicaci\u00f3 de l&#8217;article 155 de la Constituci\u00f3, relacionades amb l'&#8221;organitzaci\u00f3 de la Generalitat de Catalunya&#8221; i el &#8220;cessament de diferents alts c\u00e0rrecs&#8221; de l&#8217;administraci\u00f3 catalana.<\/p>\n<p>En primer lloc, s&#8217;ha acordat la &#8220;supressi\u00f3&#8221; de la Secretaria per al desenvolupament de l&#8217;autogovern, l&#8217;Oficina per a la millora de les institucions d&#8217;autogovern i la Comissi\u00f3 Interdepartamental per al desenvolupament de l&#8217;autogovern.<\/p>\n<p>A m\u00e9s, s&#8217;ha acordat el cessament del secretari general del Departament de la Vicepresid\u00e8ncia i d&#8217;Economia i Hisenda de la Generalitat de Catalunya, Llu\u00eds Junc\u00e0, nomenat la setmana passada pel Govern, i dels delegats territorials de la Generalitat a Barcelona, Girona, Lleida, Tarragona, Terres de l&#8217;Ebre, Catalunya Central i Alt Pirineu i Aran.<\/p>\n<p>Tamb\u00e9 ha estat destitu\u00eft el director de l&#8217;Institut d&#8217;Estudis de l&#8217;Autogovern, Carles Viver Pi-Sunyer, que va ser magistrat del Tribunal Constitucional i va presidir, ja en \u00e8poca de govern d&#8217;Artur Mas, el Consell Nacional per a la Transici\u00f3 Nacional.<\/p>\n","protected":false},"excerpt":{"rendered":"<p>El Govern espanyol va suprimir ahir tres organismes de la Generalitat que havien assessorat Carles Puigdemont en el proc\u00e9s sobiranista i ha anunciat el cessament dels delegats territorials de l&#8217;executiu catal\u00e0, entre ells el de la Catalunya Cental, Laura Vilagr\u00e0 (ex alcaldessa de Santpedor). Aix\u00ed com tamb\u00e9 el director de l&#8217;Institut d&#8217;Estudis de l&#8217;Autogovern, Carles [&hellip;]<\/p>\n","protected":false},"author":1,"featured_media":10816,"comment_status":"open","ping_status":"closed","sticky":false,"template":"","format":"standard","meta":{"footnotes":""},"categories":[3,136],"tags":[1030,184,1031,1029,25],"class_list":{"0":"post-10815","1":"post","2":"type-post","3":"status-publish","4":"format-standard","5":"has-post-thumbnail","7":"category-noticies","8":"category-politica-i-economia","9":"tag-1030","10":"tag-catalunya","11":"tag-constitucio","12":"tag-delegada-govern-catalunya-central","13":"tag-laura-vilagra"},"_links":{"self":[{"href":"https:\/\/santpedor.net\/radio\/wp-json\/wp\/v2\/posts\/10815","targetHints":{"allow":["GET"]}}],"collection":[{"href":"https:\/\/santpedor.net\/radio\/wp-json\/wp\/v2\/posts"}],"about":[{"href":"https:\/\/santpedor.net\/radio\/wp-json\/wp\/v2\/types\/post"}],"author":[{"embeddable":true,"href":"https:\/\/santpedor.net\/radio\/wp-json\/wp\/v2\/users\/1"}],"replies":[{"embeddable":true,"href":"https:\/\/santpedor.net\/radio\/wp-json\/wp\/v2\/comments?post=10815"}],"version-history":[{"count":0,"href":"https:\/\/santpedor.net\/radio\/wp-json\/wp\/v2\/posts\/10815\/revisions"}],"wp:featuredmedia":[{"embeddable":true,"href":"https:\/\/santpedor.net\/radio\/wp-json\/wp\/v2\/media\/10816"}],"wp:attachment":[{"href":"https:\/\/santpedor.net\/radio\/wp-json\/wp\/v2\/media?parent=10815"}],"wp:term":[{"taxonomy":"category","embeddable":true,"href":"https:\/\/santpedor.net\/radio\/wp-json\/wp\/v2\/categories?post=10815"},{"taxonomy":"post_tag","embeddable":true,"href":"https:\/\/santpedor.net\/radio\/wp-json\/wp\/v2\/tags?post=10815"}],"curies":[{"name":"wp","href":"https:\/\/api.w.org\/{rel}","templated":true}]}}