{"id":10817,"date":"2017-11-02T15:50:06","date_gmt":"2017-11-02T14:50:06","guid":{"rendered":"http:\/\/santpedor.net\/radio\/?p=10817"},"modified":"2017-11-02T15:50:06","modified_gmt":"2017-11-02T14:50:06","slug":"una-trentena-de-santpedorencs-es-concentren-per-donar-suport-als-encausats-del-govern-catala","status":"publish","type":"post","link":"https:\/\/santpedor.net\/radio\/una-trentena-de-santpedorencs-es-concentren-per-donar-suport-als-encausats-del-govern-catala\/","title":{"rendered":"Una trentena de santpedorencs es concentren per donar suport als encausats del govern catal\u00e0"},"content":{"rendered":"<p>La Pla\u00e7a Gran ha sigut aquest migdia escenari d&#8217;una nova concentraci\u00f3. Aquest cop, de suport als membres del govern catal\u00e0 i de la mesa del Parlament, acusats de fer possible el refer\u00e8ndum de l&#8217;1-O, i pels quals la fiscalia de l&#8217;estat demana penes de fins a 30 anys de pres\u00f3.<\/p>\n<p>A la concentraci\u00f3, convocada per l&#8217;entitat Crida per la Democr\u00e0cia, hi han assistit prop d&#8217;una trentena de persones. L&#8217;alcalde, Xavier Codina, ha llegit un manifest de suport als encausats i de rebuig a l&#8217;aplicaci\u00f3 de l&#8217;article 155 de la Constituci\u00f3 Espanyola, a trav\u00e9s del qual el govern de l&#8217;estat ha dissolt el Parlament i cessat el President i membres del Govern de la Generalitat.<\/p>\n","protected":false},"excerpt":{"rendered":"<p>La Pla\u00e7a Gran ha sigut aquest migdia escenari d&#8217;una nova concentraci\u00f3. Aquest cop, de suport als membres del govern catal\u00e0 i de la mesa del Parlament, acusats de fer possible el refer\u00e8ndum de l&#8217;1-O, i pels quals la fiscalia de l&#8217;estat demana penes de fins a 30 anys de pres\u00f3. A la concentraci\u00f3, convocada per [&hellip;]<\/p>\n","protected":false},"author":6,"featured_media":10818,"comment_status":"open","ping_status":"closed","sticky":false,"template":"","format":"standard","meta":{"footnotes":""},"categories":[3,136],"tags":[935,1030,826,96,113],"class_list":{"0":"post-10817","1":"post","2":"type-post","3":"status-publish","4":"format-standard","5":"has-post-thumbnail","7":"category-noticies","8":"category-politica-i-economia","9":"tag-1-o","10":"tag-1030","11":"tag-govern","12":"tag-placa-gran","13":"tag-santpedor"},"_links":{"self":[{"href":"https:\/\/santpedor.net\/radio\/wp-json\/wp\/v2\/posts\/10817","targetHints":{"allow":["GET"]}}],"collection":[{"href":"https:\/\/santpedor.net\/radio\/wp-json\/wp\/v2\/posts"}],"about":[{"href":"https:\/\/santpedor.net\/radio\/wp-json\/wp\/v2\/types\/post"}],"author":[{"embeddable":true,"href":"https:\/\/santpedor.net\/radio\/wp-json\/wp\/v2\/users\/6"}],"replies":[{"embeddable":true,"href":"https:\/\/santpedor.net\/radio\/wp-json\/wp\/v2\/comments?post=10817"}],"version-history":[{"count":0,"href":"https:\/\/santpedor.net\/radio\/wp-json\/wp\/v2\/posts\/10817\/revisions"}],"wp:featuredmedia":[{"embeddable":true,"href":"https:\/\/santpedor.net\/radio\/wp-json\/wp\/v2\/media\/10818"}],"wp:attachment":[{"href":"https:\/\/santpedor.net\/radio\/wp-json\/wp\/v2\/media?parent=10817"}],"wp:term":[{"taxonomy":"category","embeddable":true,"href":"https:\/\/santpedor.net\/radio\/wp-json\/wp\/v2\/categories?post=10817"},{"taxonomy":"post_tag","embeddable":true,"href":"https:\/\/santpedor.net\/radio\/wp-json\/wp\/v2\/tags?post=10817"}],"curies":[{"name":"wp","href":"https:\/\/api.w.org\/{rel}","templated":true}]}}