{"id":10832,"date":"2017-11-07T14:59:17","date_gmt":"2017-11-07T13:59:17","guid":{"rendered":"http:\/\/santpedor.net\/radio\/?p=10832"},"modified":"2017-11-07T14:59:17","modified_gmt":"2017-11-07T13:59:17","slug":"xavier-codina-es-a-brusselles-amb-200-alcaldes-mes-per-explicar-a-europa-el-context-catala","status":"publish","type":"post","link":"https:\/\/santpedor.net\/radio\/xavier-codina-es-a-brusselles-amb-200-alcaldes-mes-per-explicar-a-europa-el-context-catala\/","title":{"rendered":"Xavier Codina \u00e9s a Brussel\u00b7les, amb 200 alcaldes m\u00e9s, per explicar a Europa el context catal\u00e0"},"content":{"rendered":"<p>M\u00e9s de 200 alcaldes catalans, entre ells Xavier Codina de Santpedor, han viatjat avui a Brusel\u00b7les per explicar all\u00e0 &#8220;de primera m\u00e0&#8221; la situaci\u00f3 actual a Catalunya, amb m\u00e9s de mig govern empresonat i les institucions catalanes anul\u00b7lades per l&#8217;aplicaci\u00f3 de l&#8217;article 155 de la constituci\u00f3.<\/p>\n<p>Han aterrat a B\u00e8lgica a les 13h i tenen previst tornar avui mateix al vespre. Est\u00e0 previst que es trobin amb el President, Carles Puigdemont, i els quatre consellers del Govern que s\u00f3n all\u00e0 amb ell: Antoni Com\u00edn, Clara Ponsat\u00ed, Llu\u00eds Puig y Meritxell Serret.<\/p>\n<p>Aquest viatge \u00e9s una iniciativa que es va decidir divendres en una reuni\u00f3 entre l&#8217;Associaci\u00f3 Catalana de Municipis (ACM), liderada per Miquel Buch, i l&#8217;Associaci\u00f3 de Municipis per la Independ\u00e8ncia (AMI), que encap\u00e7ala Neus Lloveras. El mateix Buch ha explicat que s&#8217;ha omplert un avi\u00f3 amb la comitiva d&#8217;alcaldes, que hagu\u00e9s pogut ser &#8220;el doble de gran&#8221;.<\/p>\n","protected":false},"excerpt":{"rendered":"<p>M\u00e9s de 200 alcaldes catalans, entre ells Xavier Codina de Santpedor, han viatjat avui a Brusel\u00b7les per explicar all\u00e0 &#8220;de primera m\u00e0&#8221; la situaci\u00f3 actual a Catalunya, amb m\u00e9s de mig govern empresonat i les institucions catalanes anul\u00b7lades per l&#8217;aplicaci\u00f3 de l&#8217;article 155 de la constituci\u00f3. Han aterrat a B\u00e8lgica a les 13h i tenen [&hellip;]<\/p>\n","protected":false},"author":6,"featured_media":10833,"comment_status":"open","ping_status":"closed","sticky":false,"template":"","format":"standard","meta":{"footnotes":""},"categories":[3,136],"tags":[980,1042,1041,184,826,1040,113,20],"class_list":{"0":"post-10832","1":"post","2":"type-post","3":"status-publish","4":"format-standard","5":"has-post-thumbnail","7":"category-noticies","8":"category-politica-i-economia","9":"tag-alcaldes","10":"tag-belgica","11":"tag-bruselles","12":"tag-catalunya","13":"tag-govern","14":"tag-puigdemont","15":"tag-santpedor","16":"tag-xavier-codina"},"_links":{"self":[{"href":"https:\/\/santpedor.net\/radio\/wp-json\/wp\/v2\/posts\/10832","targetHints":{"allow":["GET"]}}],"collection":[{"href":"https:\/\/santpedor.net\/radio\/wp-json\/wp\/v2\/posts"}],"about":[{"href":"https:\/\/santpedor.net\/radio\/wp-json\/wp\/v2\/types\/post"}],"author":[{"embeddable":true,"href":"https:\/\/santpedor.net\/radio\/wp-json\/wp\/v2\/users\/6"}],"replies":[{"embeddable":true,"href":"https:\/\/santpedor.net\/radio\/wp-json\/wp\/v2\/comments?post=10832"}],"version-history":[{"count":0,"href":"https:\/\/santpedor.net\/radio\/wp-json\/wp\/v2\/posts\/10832\/revisions"}],"wp:featuredmedia":[{"embeddable":true,"href":"https:\/\/santpedor.net\/radio\/wp-json\/wp\/v2\/media\/10833"}],"wp:attachment":[{"href":"https:\/\/santpedor.net\/radio\/wp-json\/wp\/v2\/media?parent=10832"}],"wp:term":[{"taxonomy":"category","embeddable":true,"href":"https:\/\/santpedor.net\/radio\/wp-json\/wp\/v2\/categories?post=10832"},{"taxonomy":"post_tag","embeddable":true,"href":"https:\/\/santpedor.net\/radio\/wp-json\/wp\/v2\/tags?post=10832"}],"curies":[{"name":"wp","href":"https:\/\/api.w.org\/{rel}","templated":true}]}}