{"id":10834,"date":"2017-11-08T20:16:41","date_gmt":"2017-11-08T19:16:41","guid":{"rendered":"http:\/\/santpedor.net\/radio\/?p=10834"},"modified":"2017-11-08T20:33:58","modified_gmt":"2017-11-08T19:33:58","slug":"seguiment-majoritari-de-la-vaga-i-talls-a-la-c-16-a-santpedor","status":"publish","type":"post","link":"https:\/\/santpedor.net\/radio\/seguiment-majoritari-de-la-vaga-i-talls-a-la-c-16-a-santpedor\/","title":{"rendered":"Seguiment majoritari de la vaga i talls a la C-16 a Santpedor"},"content":{"rendered":"<p>La majoria de comer\u00e7os de Santpedor no han obert les portes avui, i s&#8217;han sumat a la vaga general convocada en protesta per l&#8217;empresonament dels 8 consellers del Govern de la Generalitat de Catalunya, i els dos Jordis (S\u00e1nchez i Cuixart), l\u00edders socials del moviment independentista. El nucli antic, per tant, ha vist redu\u00efda l&#8217;activitat gaireb\u00e9 als nivells d&#8217;un festiu qualsevol.<\/p>\n<p>A m\u00e9s, desenes de santpedorencs, organitzats a trav\u00e9s del Comit\u00e8 de Defensa de la Rep\u00fablica de Santpedor, s&#8217;ha mobilitzat des de ben d&#8217;hora al mat\u00ed, cap a les 5h, per tallar carreteres al voltant del poble, amb especial \u00e8mfasi a la C-16, a l&#8217;al\u00e7ada de Sallent. Molts d&#8217;aquests, m\u00e9s tard, s&#8217;han dirigit cap a la Seu d&#8217;Urgell per ajudar a tancar el tr\u00e0nsit cap a la frontera. Les aturades i marxes lentes s&#8217;han succe\u00eft al llarg del dia i molts conductors han quedat encallats durant hores a la carretera.<\/p>\n<p>Per altra banda, a les 18h, tal i com estava previst, hi ha hagut concentracions a davant dels Ajuntaments. A Santpedor s&#8217;han reunit a la Pla\u00e7a Gran, un cop m\u00e9s, desenes de persones, m\u00e9s de 200. All\u00e0, l&#8217;alcalde, Xavier Codina, ha explicat als presents com va anar la visita a Puigdemont i els 4 consellers que s\u00f3n a B\u00e8lgica, que va fer juntament amb 200 alcaldes m\u00e9s del territori. Aix\u00ed ho ha explicat tamb\u00e9 a R\u00e0dio Santpedor:<\/p>\n<audio class=\"wp-audio-shortcode\" id=\"audio-10834-1\" preload=\"none\" style=\"width: 100%;\" controls=\"controls\"><source type=\"audio\/mpeg\" src=\"http:\/\/santpedor.net\/radio\/wp-content\/uploads\/2017\/11\/T-Xavi-Codina-belgica.mp3?_=1\" \/><a href=\"http:\/\/santpedor.net\/radio\/wp-content\/uploads\/2017\/11\/T-Xavi-Codina-belgica.mp3\">http:\/\/santpedor.net\/radio\/wp-content\/uploads\/2017\/11\/T-Xavi-Codina-belgica.mp3<\/a><\/audio>\n<p>Codina ha animat a tothom a seguir esperan\u00e7ats i mobilitzats de cara als seg\u00fcents dies i setmanes, amb les eleccions del 21D a l&#8217;horitz\u00f3.<\/p>\n","protected":false},"excerpt":{"rendered":"<p>La majoria de comer\u00e7os de Santpedor no han obert les portes avui, i s&#8217;han sumat a la vaga general convocada en protesta per l&#8217;empresonament dels 8 consellers del Govern de la Generalitat de Catalunya, i els dos Jordis (S\u00e1nchez i Cuixart), l\u00edders socials del moviment independentista. El nucli antic, per tant, ha vist redu\u00efda l&#8217;activitat [&hellip;]<\/p>\n","protected":false},"author":6,"featured_media":10837,"comment_status":"open","ping_status":"closed","sticky":false,"template":"","format":"standard","meta":{"footnotes":""},"categories":[3,136,137],"tags":[184,1034,113,20],"class_list":{"0":"post-10834","1":"post","2":"type-post","3":"status-publish","4":"format-standard","5":"has-post-thumbnail","7":"category-noticies","8":"category-politica-i-economia","9":"category-societat","10":"tag-catalunya","11":"tag-presos","12":"tag-santpedor","13":"tag-xavier-codina"},"_links":{"self":[{"href":"https:\/\/santpedor.net\/radio\/wp-json\/wp\/v2\/posts\/10834","targetHints":{"allow":["GET"]}}],"collection":[{"href":"https:\/\/santpedor.net\/radio\/wp-json\/wp\/v2\/posts"}],"about":[{"href":"https:\/\/santpedor.net\/radio\/wp-json\/wp\/v2\/types\/post"}],"author":[{"embeddable":true,"href":"https:\/\/santpedor.net\/radio\/wp-json\/wp\/v2\/users\/6"}],"replies":[{"embeddable":true,"href":"https:\/\/santpedor.net\/radio\/wp-json\/wp\/v2\/comments?post=10834"}],"version-history":[{"count":0,"href":"https:\/\/santpedor.net\/radio\/wp-json\/wp\/v2\/posts\/10834\/revisions"}],"wp:featuredmedia":[{"embeddable":true,"href":"https:\/\/santpedor.net\/radio\/wp-json\/wp\/v2\/media\/10837"}],"wp:attachment":[{"href":"https:\/\/santpedor.net\/radio\/wp-json\/wp\/v2\/media?parent=10834"}],"wp:term":[{"taxonomy":"category","embeddable":true,"href":"https:\/\/santpedor.net\/radio\/wp-json\/wp\/v2\/categories?post=10834"},{"taxonomy":"post_tag","embeddable":true,"href":"https:\/\/santpedor.net\/radio\/wp-json\/wp\/v2\/tags?post=10834"}],"curies":[{"name":"wp","href":"https:\/\/api.w.org\/{rel}","templated":true}]}}