{"id":10846,"date":"2017-11-13T13:07:12","date_gmt":"2017-11-13T12:07:12","guid":{"rendered":"http:\/\/santpedor.net\/radio\/?p=10846"},"modified":"2017-11-13T13:07:12","modified_gmt":"2017-11-13T12:07:12","slug":"en-marxa-els-pressupostos-participatius-de-santpedor-pel-2018","status":"publish","type":"post","link":"https:\/\/santpedor.net\/radio\/en-marxa-els-pressupostos-participatius-de-santpedor-pel-2018\/","title":{"rendered":"En marxa els Pressupostos Participatius de Santpedor pel 2018"},"content":{"rendered":"<p>L&#8217;Ajuntament de Santpedor ja ha engegat la maquin\u00e0ria dels Pressupostos Participatius del 2018. Despr\u00e9s de m\u00faltiples presentacions a centres educatius i al p\u00fablic, al novembre es va obrir el pla\u00e7 per presentar projectes. I \u00e9s que enguany, a difer\u00e8ncia de l&#8217;any passat, s\u00f3n els propis santpedorencs i entitats qui presentaran propostes per ser votades. Despr\u00e9s d&#8217;una primera experi\u00e8ncia l&#8217;any passat -considerada aleshores prova pilot-, en qu\u00e8 l&#8217;equip de govern era qui va posar sobre la taula quatre propostes a votaci\u00f3 -va guanyar l&#8217;opci\u00f3 de reformar la Font de les Escales-, enguany s&#8217;ha volgut fer uns pressupostos participatius de veritat en qu\u00e8 tothom pogu\u00e9s dir la seva.<\/p>\n<p>En total es destinaran 60.000 euros dels pressupostos municipals de Santpedor a aquest proc\u00e9s participatiu. Tres vegades m\u00e9s del que es va destinar en la prova pilot de l\u2019any passat.<\/p>\n<p>Aquesta quantitat es repartir\u00e0 en tres blocs (els imports inclouen IVA): Projectes entre 20.001 i 30.000\u20ac (dotaci\u00f3 m\u00e0xima: 30.000\u20ac). Projectes entre 5.001 i 20.000\u20ac (dotaci\u00f3 m\u00e0xima: 20.000\u20ac). Projectes de pressupost igual o inferior a 5.000\u20ac (dotaci\u00f3 m\u00e0xima: 10.000\u20ac).<\/p>\n<p>Per tant, pot quedar guanyadora m\u00e9s d\u2019una proposta, fins a completar aquests 60.000 euros. Ho explica la regidora d&#8217;Hisenda Judit Raja:<\/p>\n<audio class=\"wp-audio-shortcode\" id=\"audio-10846-1\" preload=\"none\" style=\"width: 100%;\" controls=\"controls\"><source type=\"audio\/mpeg\" src=\"http:\/\/santpedor.net\/radio\/wp-content\/uploads\/2017\/11\/T-Judit-Raja-pparticipatius2.mp3?_=1\" \/><a href=\"http:\/\/santpedor.net\/radio\/wp-content\/uploads\/2017\/11\/T-Judit-Raja-pparticipatius2.mp3\">http:\/\/santpedor.net\/radio\/wp-content\/uploads\/2017\/11\/T-Judit-Raja-pparticipatius2.mp3<\/a><\/audio>\n<p>Per altra banda, els projectes o propostes que es presentin han de complir els seg\u00fcents criteris:<\/p>\n<ul>\n<li>Ser projectes d\u2019inversi\u00f3, \u00e9s a dir despeses destinades a la creaci\u00f3\/millora d\u2019infraestructures, creaci\u00f3 o adquisici\u00f3 de b\u00e9ns de naturalesa inventariable per al funcionament dels serveis o altres despeses que tinguin car\u00e0cter amortitzable.<\/li>\n<li>Adequar-se a les lleis i normatives vigents del municipi.<\/li>\n<li>Ser de compet\u00e8ncia municipal.<\/li>\n<li>Emmarcar-se en els costos d\u2019inversi\u00f3 descrits anteriorment. Aquests costos s\u2019han de poder valorar tan t\u00e8cnicament com econ\u00f2micament.<\/li>\n<li>Han de donar resposta a una necessitat concreta.<\/li>\n<li>Han de ser projectes sostenibles i tenir visi\u00f3 de col\u00b7lectivitat. \u00c9s a dir que no generin despesa futura i que tinguin un impacte favorable per al conjunt del municipi.<\/li>\n<\/ul>\n<p>El pla\u00e7 per presentar projectes es va obrir a principis de mes i finalitza el 30 de novembre. Despr\u00e9s, al desembre ser\u00e0 el moment d&#8217;aprovar quins projectes compleixen els requisits per poder ser votats. Amb l&#8217;entrada del nou any es faran p\u00fabliques aquestes propostes i s&#8217;explicaran al detall, per tal que tothom tingui la informaci\u00f3 suficient per votar les que cregui m\u00e9s convenients. Un per\u00edode de votaci\u00f3 que es far\u00e0 efectiu al llarg del mes de febrer. Aix\u00ed, est\u00e0 previst que l&#8217;u de mar\u00e7 es faci el recompte oficial de vots i es coneguin les propostes guanyadores, que l&#8217;equip de govern es compromet a portar a terme pel mateix 2018.<\/p>\n<p>Tenen dret a vot tots els majors de 16 anys empadronats al municipi. Les votacions seran al llarg del mes de febrer a la Biblioteca Pare Ignasi Casanovas. I es contempla la possibilitat de crear un sistema de votaci\u00f3 electr\u00f2nica que sigui segur per poder votar telem\u00e0ticament des de casa.<\/p>\n","protected":false},"excerpt":{"rendered":"<p>L&#8217;Ajuntament de Santpedor ja ha engegat la maquin\u00e0ria dels Pressupostos Participatius del 2018. Despr\u00e9s de m\u00faltiples presentacions a centres educatius i al p\u00fablic, al novembre es va obrir el pla\u00e7 per presentar projectes. I \u00e9s que enguany, a difer\u00e8ncia de l&#8217;any passat, s\u00f3n els propis santpedorencs i entitats qui presentaran propostes per ser votades. Despr\u00e9s [&hellip;]<\/p>\n","protected":false},"author":6,"featured_media":10089,"comment_status":"open","ping_status":"closed","sticky":false,"template":"","format":"standard","meta":{"footnotes":""},"categories":[3,137],"tags":[7,56,396,113],"class_list":{"0":"post-10846","1":"post","2":"type-post","3":"status-publish","4":"format-standard","5":"has-post-thumbnail","7":"category-noticies","8":"category-societat","9":"tag-ajuntament","10":"tag-hisenda","11":"tag-pressupostos-participatius","12":"tag-santpedor"},"_links":{"self":[{"href":"https:\/\/santpedor.net\/radio\/wp-json\/wp\/v2\/posts\/10846","targetHints":{"allow":["GET"]}}],"collection":[{"href":"https:\/\/santpedor.net\/radio\/wp-json\/wp\/v2\/posts"}],"about":[{"href":"https:\/\/santpedor.net\/radio\/wp-json\/wp\/v2\/types\/post"}],"author":[{"embeddable":true,"href":"https:\/\/santpedor.net\/radio\/wp-json\/wp\/v2\/users\/6"}],"replies":[{"embeddable":true,"href":"https:\/\/santpedor.net\/radio\/wp-json\/wp\/v2\/comments?post=10846"}],"version-history":[{"count":0,"href":"https:\/\/santpedor.net\/radio\/wp-json\/wp\/v2\/posts\/10846\/revisions"}],"wp:featuredmedia":[{"embeddable":true,"href":"https:\/\/santpedor.net\/radio\/wp-json\/wp\/v2\/media\/10089"}],"wp:attachment":[{"href":"https:\/\/santpedor.net\/radio\/wp-json\/wp\/v2\/media?parent=10846"}],"wp:term":[{"taxonomy":"category","embeddable":true,"href":"https:\/\/santpedor.net\/radio\/wp-json\/wp\/v2\/categories?post=10846"},{"taxonomy":"post_tag","embeddable":true,"href":"https:\/\/santpedor.net\/radio\/wp-json\/wp\/v2\/tags?post=10846"}],"curies":[{"name":"wp","href":"https:\/\/api.w.org\/{rel}","templated":true}]}}