{"id":10850,"date":"2017-11-14T11:00:07","date_gmt":"2017-11-14T10:00:07","guid":{"rendered":"http:\/\/santpedor.net\/radio\/?p=10850"},"modified":"2017-11-14T11:00:07","modified_gmt":"2017-11-14T10:00:07","slug":"gran-davallada-de-latur-a-santpedor","status":"publish","type":"post","link":"https:\/\/santpedor.net\/radio\/gran-davallada-de-latur-a-santpedor\/","title":{"rendered":"Gran davallada de l&#8217;atur a Santpedor"},"content":{"rendered":"<p>Santpedor ja ha deixat enrere un estiu negatiu pel qu\u00e8 fa a la desocupaci\u00f3 al poble. Despr\u00e9s d&#8217;un augment de m\u00e9s del 15% entre els mesos de juliol i agost, l&#8217;atur torna al poble torna a estar als nivells de principis d&#8217;estiu, amb 285 aturats. Una forta davallada als mesos de setembre i octubre ha compensat la mala din\u00e0mica de l&#8217;estiu, i deixa unes taxes d&#8217;atur al poble molt semblants a les de just abans de l&#8217;esclat de la crisi financera al 2008.<\/p>\n<p>Una recuperaci\u00f3 que tamb\u00e9 s&#8217;ha donat al Bages, per\u00f2 amb menor intensitat. La desocupaci\u00f3 ha caigut un 1,4% els \u00faltims dos mesos a la comarca per\u00f2 no compensa encara la forta davallada que tamb\u00e9 va haver-hi als mesos d&#8217;estiu. A Catalunya les dades s\u00f3n encara m\u00e9s negatives, amb un augment del 3,67% de l&#8217;atur al mes d&#8217;octubre, per un total de 415.071 aturats. Les dades, que publica l&#8217;Observatori del Treball i el Model Productiu de la Generalitat de Catalunya, s\u00f3n positives, aix\u00f2 s\u00ed, en comparaci\u00f3 amb les de l&#8217;any passat per aquest per\u00edode, en qu\u00e8 hi havia 43.335 desocupats m\u00e9s.<\/p>\n","protected":false},"excerpt":{"rendered":"<p>Santpedor ja ha deixat enrere un estiu negatiu pel qu\u00e8 fa a la desocupaci\u00f3 al poble. Despr\u00e9s d&#8217;un augment de m\u00e9s del 15% entre els mesos de juliol i agost, l&#8217;atur torna al poble torna a estar als nivells de principis d&#8217;estiu, amb 285 aturats. Una forta davallada als mesos de setembre i octubre ha [&hellip;]<\/p>\n","protected":false},"author":6,"featured_media":4393,"comment_status":"open","ping_status":"closed","sticky":false,"template":"","format":"standard","meta":{"footnotes":""},"categories":[3,136],"tags":[45,465,113],"class_list":{"0":"post-10850","1":"post","2":"type-post","3":"status-publish","4":"format-standard","5":"has-post-thumbnail","7":"category-noticies","8":"category-politica-i-economia","9":"tag-atur","10":"tag-desocupacio","11":"tag-santpedor"},"_links":{"self":[{"href":"https:\/\/santpedor.net\/radio\/wp-json\/wp\/v2\/posts\/10850","targetHints":{"allow":["GET"]}}],"collection":[{"href":"https:\/\/santpedor.net\/radio\/wp-json\/wp\/v2\/posts"}],"about":[{"href":"https:\/\/santpedor.net\/radio\/wp-json\/wp\/v2\/types\/post"}],"author":[{"embeddable":true,"href":"https:\/\/santpedor.net\/radio\/wp-json\/wp\/v2\/users\/6"}],"replies":[{"embeddable":true,"href":"https:\/\/santpedor.net\/radio\/wp-json\/wp\/v2\/comments?post=10850"}],"version-history":[{"count":0,"href":"https:\/\/santpedor.net\/radio\/wp-json\/wp\/v2\/posts\/10850\/revisions"}],"wp:featuredmedia":[{"embeddable":true,"href":"https:\/\/santpedor.net\/radio\/wp-json\/wp\/v2\/media\/4393"}],"wp:attachment":[{"href":"https:\/\/santpedor.net\/radio\/wp-json\/wp\/v2\/media?parent=10850"}],"wp:term":[{"taxonomy":"category","embeddable":true,"href":"https:\/\/santpedor.net\/radio\/wp-json\/wp\/v2\/categories?post=10850"},{"taxonomy":"post_tag","embeddable":true,"href":"https:\/\/santpedor.net\/radio\/wp-json\/wp\/v2\/tags?post=10850"}],"curies":[{"name":"wp","href":"https:\/\/api.w.org\/{rel}","templated":true}]}}