{"id":10851,"date":"2017-11-15T16:34:59","date_gmt":"2017-11-15T15:34:59","guid":{"rendered":"http:\/\/santpedor.net\/radio\/?p=10851"},"modified":"2017-11-15T16:34:59","modified_gmt":"2017-11-15T15:34:59","slug":"lajuntament-aprova-en-ple-reclamar-la-llibertat-dels-politics-i-liders-socials-empresonats","status":"publish","type":"post","link":"https:\/\/santpedor.net\/radio\/lajuntament-aprova-en-ple-reclamar-la-llibertat-dels-politics-i-liders-socials-empresonats\/","title":{"rendered":"L&#8217;Ajuntament aprova en ple reclamar la llibertat dels pol\u00edtics i l\u00edders socials empresonats"},"content":{"rendered":"<p>El ple de l\u2019Ajuntament de Santpedor va aprovar ahir una declaraci\u00f3 institucional per la llibertat de les preses i presos pol\u00edtics. La declaraci\u00f3, que era l\u2019\u00fanic punt de l\u2019ordre del dia del ple de novembre, es va aprovar per 11 vots a favor i una abstenci\u00f3.<\/p>\n<p>En la declaraci\u00f3, el ple rebutja l\u2019escalada repressiva dels darrers mesos i exigeix l\u2019excarceraci\u00f3 immediata de tots els presos pol\u00edtics que ho s\u00f3n malgrat haver actuat sempre pac\u00edficament i democr\u00e0tica, d\u2019acord amb el mandat sorgit de les urnes.<\/p>\n<p>Aix\u00ed ho va explicar l&#8217;alcalde, Xavier Codina:<\/p>\n<audio class=\"wp-audio-shortcode\" id=\"audio-10851-1\" preload=\"none\" style=\"width: 100%;\" controls=\"controls\"><source type=\"audio\/mpeg\" src=\"http:\/\/santpedor.net\/radio\/wp-content\/uploads\/2017\/11\/T-XCodina-1.mp3?_=1\" \/><a href=\"http:\/\/santpedor.net\/radio\/wp-content\/uploads\/2017\/11\/T-XCodina-1.mp3\">http:\/\/santpedor.net\/radio\/wp-content\/uploads\/2017\/11\/T-XCodina-1.mp3<\/a><\/audio>\n<p>El PDCAT Santpedor es va sumar a la moci\u00f3 per\u00f2 en boca del seu portaveu, Antoni Puiggros, va assumir part de culpa del bloc sobiranista al Parlament, per no haver previst la resposta repressiva de l&#8217;estat:<\/p>\n<audio class=\"wp-audio-shortcode\" id=\"audio-10851-2\" preload=\"none\" style=\"width: 100%;\" controls=\"controls\"><source type=\"audio\/mpeg\" src=\"http:\/\/santpedor.net\/radio\/wp-content\/uploads\/2017\/11\/T-TPuiggros-2.mp3?_=2\" \/><a href=\"http:\/\/santpedor.net\/radio\/wp-content\/uploads\/2017\/11\/T-TPuiggros-2.mp3\">http:\/\/santpedor.net\/radio\/wp-content\/uploads\/2017\/11\/T-TPuiggros-2.mp3<\/a><\/audio>\n<p>El grup de Progr\u00e9s Municipal, per la seva banda, es va abstenir perqu\u00e8 consideren que la moci\u00f3 &#8220;arriba tard&#8221;, quan ja han passat m\u00e9s fets que han deixat caducats els que es mencionen al text.<\/p>\n<p>El ple tamb\u00e9 va expressar el seu suport al Govern leg\u00edtim de la Generalitat de Catalunya encap\u00e7alat pel Molt Honorable president Carles Puigdemont i per l\u2019Honorable Vicepresident Oriol Junqueras i tamb\u00e9 a la Mesa i al Parlament de Catalunya, que s\u2019ha vist desposse\u00efts de les seves compet\u00e8ncies per l\u2019aplicaci\u00f3 indigna de l\u2019article 155 de la CE.<\/p>\n<p>A m\u00e9s en la declaraci\u00f3 s\u2019exigeix la i de la judicialitzaci\u00f3 de la pol\u00edtica catalana i es condemna l\u2019arbitrarietat i l\u2019\u00fas partidista amb qu\u00e8 s\u2019estan aplicant les lleis, tot prevenint la separaci\u00f3 de poders que qualsevol Estat de Dret signe, ha de garantir.<\/p>\n<p>Finalment el ple va acordar instar la Uni\u00f3 Europea i la resta d\u2019institucions internacionals a exercir una mediaci\u00f3 pol\u00edtica que faciliti el di\u00e0leg i la cerca d\u2019una soluci\u00f3 pol\u00edtica.<\/p>\n","protected":false},"excerpt":{"rendered":"<p>El ple de l\u2019Ajuntament de Santpedor va aprovar ahir una declaraci\u00f3 institucional per la llibertat de les preses i presos pol\u00edtics. La declaraci\u00f3, que era l\u2019\u00fanic punt de l\u2019ordre del dia del ple de novembre, es va aprovar per 11 vots a favor i una abstenci\u00f3. En la declaraci\u00f3, el ple rebutja l\u2019escalada repressiva dels [&hellip;]<\/p>\n","protected":false},"author":6,"featured_media":10854,"comment_status":"open","ping_status":"closed","sticky":false,"template":"","format":"standard","meta":{"footnotes":""},"categories":[3,136],"tags":[7,38,1034,113],"class_list":{"0":"post-10851","1":"post","2":"type-post","3":"status-publish","4":"format-standard","5":"has-post-thumbnail","7":"category-noticies","8":"category-politica-i-economia","9":"tag-ajuntament","10":"tag-ple","11":"tag-presos","12":"tag-santpedor"},"_links":{"self":[{"href":"https:\/\/santpedor.net\/radio\/wp-json\/wp\/v2\/posts\/10851","targetHints":{"allow":["GET"]}}],"collection":[{"href":"https:\/\/santpedor.net\/radio\/wp-json\/wp\/v2\/posts"}],"about":[{"href":"https:\/\/santpedor.net\/radio\/wp-json\/wp\/v2\/types\/post"}],"author":[{"embeddable":true,"href":"https:\/\/santpedor.net\/radio\/wp-json\/wp\/v2\/users\/6"}],"replies":[{"embeddable":true,"href":"https:\/\/santpedor.net\/radio\/wp-json\/wp\/v2\/comments?post=10851"}],"version-history":[{"count":0,"href":"https:\/\/santpedor.net\/radio\/wp-json\/wp\/v2\/posts\/10851\/revisions"}],"wp:featuredmedia":[{"embeddable":true,"href":"https:\/\/santpedor.net\/radio\/wp-json\/wp\/v2\/media\/10854"}],"wp:attachment":[{"href":"https:\/\/santpedor.net\/radio\/wp-json\/wp\/v2\/media?parent=10851"}],"wp:term":[{"taxonomy":"category","embeddable":true,"href":"https:\/\/santpedor.net\/radio\/wp-json\/wp\/v2\/categories?post=10851"},{"taxonomy":"post_tag","embeddable":true,"href":"https:\/\/santpedor.net\/radio\/wp-json\/wp\/v2\/tags?post=10851"}],"curies":[{"name":"wp","href":"https:\/\/api.w.org\/{rel}","templated":true}]}}