{"id":10870,"date":"2017-11-22T14:03:06","date_gmt":"2017-11-22T13:03:06","guid":{"rendered":"http:\/\/santpedor.net\/radio\/?p=10870"},"modified":"2017-11-22T14:03:06","modified_gmt":"2017-11-22T13:03:06","slug":"ampans-i-caprabo-obren-el-primer-supermercat-de-catalunya-gestionat-integrament-per-persones-amb-discapacitat","status":"publish","type":"post","link":"https:\/\/santpedor.net\/radio\/ampans-i-caprabo-obren-el-primer-supermercat-de-catalunya-gestionat-integrament-per-persones-amb-discapacitat\/","title":{"rendered":"AMPANS i Caprabo obren el primer supermercat de Catalunya gestionat \u00edntegrament per persones amb discapacitat"},"content":{"rendered":"<p>Caprabo obrir\u00e0 el primer supermercat gestionat \u00edntegrament per persones amb discapacitat el proper dijous 30 de novembre. L\u2019acord amb la Fundaci\u00f3 AMPANS per posar en funcionament la iniciativa va ser signat el passat mes de juliol.<\/p>\n<p>El supermercat est\u00e0 a Manresa, d\u00f3na feina a 10 persones i \u00e9s una franqu\u00edcia Caprabo. Per presentar la iniciativa i con\u00e8ixer el nou supermercat d\u2019AMPANS i CAPRABO es far\u00e0 una roda de premsa dimecres 29 de novembre i una visita posterior a la botiga, el dia abans de la seva obertura al p\u00fablic, el dijous 30. Comptar\u00e0 amb la pres\u00e8ncia de l\u2019Alcalde de Manresa, Valent\u00ed Junyet, el Director General d\u2019AMPANS, Toni Espinal, i el Director Genereal de Caprabo, Martin Gandiaga. A m\u00e9s del President de AMPANS, Sebasti\u00e0 Catll\u00e0.<\/p>\n<p>Aquest projecte d\u2019innovaci\u00f3 social obre noves oportunitats per a la inclusi\u00f3 laboral de persones amb discapacitat i impulsa, a trav\u00e9s del contacte directe amb el p\u00fablic, la visibilitat en la societat de la diversitat de les seves capacitats i aptituds, actuant com a catalitzador per a futures noves obertures.<\/p>\n","protected":false},"excerpt":{"rendered":"<p>Caprabo obrir\u00e0 el primer supermercat gestionat \u00edntegrament per persones amb discapacitat el proper dijous 30 de novembre. L\u2019acord amb la Fundaci\u00f3 AMPANS per posar en funcionament la iniciativa va ser signat el passat mes de juliol. El supermercat est\u00e0 a Manresa, d\u00f3na feina a 10 persones i \u00e9s una franqu\u00edcia Caprabo. Per presentar la iniciativa [&hellip;]<\/p>\n","protected":false},"author":6,"featured_media":10871,"comment_status":"open","ping_status":"closed","sticky":false,"template":"","format":"standard","meta":{"footnotes":""},"categories":[3,137],"tags":[382,936,1049,666],"class_list":{"0":"post-10870","1":"post","2":"type-post","3":"status-publish","4":"format-standard","5":"has-post-thumbnail","7":"category-noticies","8":"category-societat","9":"tag-ampans","10":"tag-caprabo","11":"tag-discapacitat","12":"tag-manresa"},"_links":{"self":[{"href":"https:\/\/santpedor.net\/radio\/wp-json\/wp\/v2\/posts\/10870","targetHints":{"allow":["GET"]}}],"collection":[{"href":"https:\/\/santpedor.net\/radio\/wp-json\/wp\/v2\/posts"}],"about":[{"href":"https:\/\/santpedor.net\/radio\/wp-json\/wp\/v2\/types\/post"}],"author":[{"embeddable":true,"href":"https:\/\/santpedor.net\/radio\/wp-json\/wp\/v2\/users\/6"}],"replies":[{"embeddable":true,"href":"https:\/\/santpedor.net\/radio\/wp-json\/wp\/v2\/comments?post=10870"}],"version-history":[{"count":0,"href":"https:\/\/santpedor.net\/radio\/wp-json\/wp\/v2\/posts\/10870\/revisions"}],"wp:featuredmedia":[{"embeddable":true,"href":"https:\/\/santpedor.net\/radio\/wp-json\/wp\/v2\/media\/10871"}],"wp:attachment":[{"href":"https:\/\/santpedor.net\/radio\/wp-json\/wp\/v2\/media?parent=10870"}],"wp:term":[{"taxonomy":"category","embeddable":true,"href":"https:\/\/santpedor.net\/radio\/wp-json\/wp\/v2\/categories?post=10870"},{"taxonomy":"post_tag","embeddable":true,"href":"https:\/\/santpedor.net\/radio\/wp-json\/wp\/v2\/tags?post=10870"}],"curies":[{"name":"wp","href":"https:\/\/api.w.org\/{rel}","templated":true}]}}