{"id":10899,"date":"2017-12-07T10:38:01","date_gmt":"2017-12-07T09:38:01","guid":{"rendered":"http:\/\/santpedor.net\/radio\/?p=10899"},"modified":"2017-12-07T10:38:01","modified_gmt":"2017-12-07T09:38:01","slug":"desenes-de-santpedorencs-es-mobilitzen-per-manifestar-se-a-bruselles","status":"publish","type":"post","link":"https:\/\/santpedor.net\/radio\/desenes-de-santpedorencs-es-mobilitzen-per-manifestar-se-a-bruselles\/","title":{"rendered":"Desenes de santpedorencs es mobilitzen per manifestar-se a Brusel\u00b7les"},"content":{"rendered":"<p>Unes 600 persones del Bages s&#8217;han despla\u00e7at a Brussel\u00b7les per participar de la manifestaci\u00f3 que la ANC ha convocat per avui al mat\u00ed a la ciutat seu de les principals institucions europees, entre elles el Parlament Europeu. Aix\u00f2 contant nom\u00e9s aquells que han optat per viatjar en algun dels busos llogats per les ANC locals. En realitat, una quantitat tant o m\u00e9s gran ha fet el viatge pel seu propi compte en cotxe, avi\u00f3 o tren. D&#8217;aquests, v\u00e0ries desenes s\u00f3n santpedorencs, tot i que la xifra \u00e9s dif\u00edcil de saber perqu\u00e8 molta gent ha anat pel seu compte, i els que han anat amb autobusos de la ANC marxaven des de Manresa.<\/p>\n<p>Aquesta massiva marxa de particulars cap a B\u00e8lgica ha fet que les carreteres s&#8217;inundessin d&#8217;estelades tot al llarg del trajecte, hi molts catalans es trobessin en c\u00e0mpings i pobles propers a diferents punts del recorregut cap a Brussel\u00b7les. A hores d&#8217;ara, la ciutat est\u00e0 absolutament inundada de groc, el color que la just\u00edcia espanyola ha prohibit durant la campanya electoral a Catalunya en relacionar-lo amb el suport als presos pol\u00edtics.<\/p>\n<p>A les 11:30h est\u00e0 previst que comenci la manifestaci\u00f3 a Brusel\u00b7les, que s&#8217;allargar\u00e0 entre una i dues hores i que fonts de l&#8217;ANC asseguren que ser\u00e0 &#8220;la manifestaci\u00f3 m\u00e9s gran que s&#8217;ha fet en els \u00faltims anys a Brusel\u00b7les&#8221;.<\/p>\n","protected":false},"excerpt":{"rendered":"<p>Unes 600 persones del Bages s&#8217;han despla\u00e7at a Brussel\u00b7les per participar de la manifestaci\u00f3 que la ANC ha convocat per avui al mat\u00ed a la ciutat seu de les principals institucions europees, entre elles el Parlament Europeu. Aix\u00f2 contant nom\u00e9s aquells que han optat per viatjar en algun dels busos llogats per les ANC locals. [&hellip;]<\/p>\n","protected":false},"author":6,"featured_media":10900,"comment_status":"open","ping_status":"closed","sticky":false,"template":"","format":"standard","meta":{"footnotes":""},"categories":[3,137],"tags":[1041,184,1057,1034],"class_list":{"0":"post-10899","1":"post","2":"type-post","3":"status-publish","4":"format-standard","5":"has-post-thumbnail","7":"category-noticies","8":"category-societat","9":"tag-bruselles","10":"tag-catalunya","11":"tag-independenia","12":"tag-presos"},"_links":{"self":[{"href":"https:\/\/santpedor.net\/radio\/wp-json\/wp\/v2\/posts\/10899","targetHints":{"allow":["GET"]}}],"collection":[{"href":"https:\/\/santpedor.net\/radio\/wp-json\/wp\/v2\/posts"}],"about":[{"href":"https:\/\/santpedor.net\/radio\/wp-json\/wp\/v2\/types\/post"}],"author":[{"embeddable":true,"href":"https:\/\/santpedor.net\/radio\/wp-json\/wp\/v2\/users\/6"}],"replies":[{"embeddable":true,"href":"https:\/\/santpedor.net\/radio\/wp-json\/wp\/v2\/comments?post=10899"}],"version-history":[{"count":0,"href":"https:\/\/santpedor.net\/radio\/wp-json\/wp\/v2\/posts\/10899\/revisions"}],"wp:featuredmedia":[{"embeddable":true,"href":"https:\/\/santpedor.net\/radio\/wp-json\/wp\/v2\/media\/10900"}],"wp:attachment":[{"href":"https:\/\/santpedor.net\/radio\/wp-json\/wp\/v2\/media?parent=10899"}],"wp:term":[{"taxonomy":"category","embeddable":true,"href":"https:\/\/santpedor.net\/radio\/wp-json\/wp\/v2\/categories?post=10899"},{"taxonomy":"post_tag","embeddable":true,"href":"https:\/\/santpedor.net\/radio\/wp-json\/wp\/v2\/tags?post=10899"}],"curies":[{"name":"wp","href":"https:\/\/api.w.org\/{rel}","templated":true}]}}